{"id":269699,"date":"2026-09-03T06:19:08","date_gmt":"2026-09-03T06:19:08","guid":{"rendered":"https:\/\/www.europesays.com\/forums\/269699\/"},"modified":"2026-09-03T06:19:08","modified_gmt":"2026-09-03T06:19:08","slug":"nasel-jsem-na-plazi-na-djerbe-kamen-s-minci-uvnitr-5-rublu-zapecenych-v-betonu-z-more","status":"publish","type":"post","link":"https:\/\/www.europesays.com\/forums\/269699\/","title":{"rendered":"Na\u0161el jsem na pl\u00e1\u017ei na Djerb\u011b k\u00e1men s minc\u00ed uvnit\u0159 &#8211; 5 rubl\u016f zape\u010den\u00fdch v betonu z mo\u0159e"},"content":{"rendered":"<p><img decoding=\"async\" src=\"https:\/\/www.europesays.com\/forums\/wp-content\/uploads\/2026\/09\/2ssrbqczz8nh1.jpg\" \/><\/p>\n<p><img decoding=\"async\" src=\"https:\/\/www.europesays.com\/forums\/wp-content\/uploads\/2026\/09\/9ud8w2nzz8nh1.jpg\" \/><\/p>\n<p><img decoding=\"async\" src=\"https:\/\/www.europesays.com\/forums\/wp-content\/uploads\/2026\/09\/o32saxuzz8nh1.jpg\" \/><\/p>\n<p><img decoding=\"async\" src=\"https:\/\/www.europesays.com\/forums\/wp-content\/uploads\/2026\/09\/la7omryzz8nh1.jpg\" \/><\/p>\n<p>\n<!-- SC_OFF --><\/p>\n<div class=\"md\">\n<p>\u010cau, jsem te\u010f na Djerb\u011b a na pl\u00e1\u017ei jsem na\u0161el takov\u00fdhle divn\u00fd t\u011b\u017ek\u00fd \u0161utr. Byl obalen\u00fd \u010dernou krustou jak beton.<\/p>\n<p>Kdy\u017e jsem ho rozbil, vypadla z n\u011bj tahle mince &#8211; 5 rusk\u00fdch rubl\u016f. Je cel\u00e1 zrezl\u00e1 a byla fakt zape\u010den\u00e1 uvnit\u0159.<\/p>\n<p>Nev\u00edte co je ta \u010dern\u00e1 krusta? N\u011bkdo psal \u017ee je to &quot;sea concrete&quot; co d\u011bl\u00e1 mo\u0159e z p\u00edsku a mu\u0161l\u00ed? A jak dlouho tam ta mince mohla b\u00fdt?<\/p>\n<p>Docela WTF n\u00e1lez.<\/p>\n<\/div>\n<p><!-- SC_ON --><br \/>\n<br \/>&#8212;<br \/>\nPod_zeminou<\/p>\n","protected":false},"excerpt":{"rendered":"\u010cau, jsem te\u010f na Djerb\u011b a na pl\u00e1\u017ei jsem na\u0161el takov\u00fdhle divn\u00fd t\u011b\u017ek\u00fd \u0161utr. Byl obalen\u00fd \u010dernou krustou&hellip;\n","protected":false},"author":2,"featured_media":269700,"comment_status":"open","ping_status":"","sticky":false,"template":"","format":"standard","meta":{"footnotes":"","_share_on_mastodon":"0"},"categories":[10],"tags":[58,59],"class_list":["post-269699","post","type-post","status-publish","format-standard","has-post-thumbnail","category-czech-republic","tag-czech-republic","tag-czechia"],"share_on_mastodon":{"url":"https:\/\/pubeurope.com\/@forums\/117205681553540482","error":""},"_links":{"self":[{"href":"https:\/\/www.europesays.com\/forums\/wp-json\/wp\/v2\/posts\/269699","targetHints":{"allow":["GET"]}}],"collection":[{"href":"https:\/\/www.europesays.com\/forums\/wp-json\/wp\/v2\/posts"}],"about":[{"href":"https:\/\/www.europesays.com\/forums\/wp-json\/wp\/v2\/types\/post"}],"author":[{"embeddable":true,"href":"https:\/\/www.europesays.com\/forums\/wp-json\/wp\/v2\/users\/2"}],"replies":[{"embeddable":true,"href":"https:\/\/www.europesays.com\/forums\/wp-json\/wp\/v2\/comments?post=269699"}],"version-history":[{"count":0,"href":"https:\/\/www.europesays.com\/forums\/wp-json\/wp\/v2\/posts\/269699\/revisions"}],"wp:featuredmedia":[{"embeddable":true,"href":"https:\/\/www.europesays.com\/forums\/wp-json\/wp\/v2\/media\/269700"}],"wp:attachment":[{"href":"https:\/\/www.europesays.com\/forums\/wp-json\/wp\/v2\/media?parent=269699"}],"wp:term":[{"taxonomy":"category","embeddable":true,"href":"https:\/\/www.europesays.com\/forums\/wp-json\/wp\/v2\/categories?post=269699"},{"taxonomy":"post_tag","embeddable":true,"href":"https:\/\/www.europesays.com\/forums\/wp-json\/wp\/v2\/tags?post=269699"}],"curies":[{"name":"wp","href":"https:\/\/api.w.org\/{rel}","templated":true}]}}