{"id":270037,"date":"2026-09-03T11:34:54","date_gmt":"2026-09-03T11:34:54","guid":{"rendered":"https:\/\/www.europesays.com\/forums\/270037\/"},"modified":"2026-09-03T11:34:54","modified_gmt":"2026-09-03T11:34:54","slug":"skole-muku-muce-s-nedostatkom-nastavnika","status":"publish","type":"post","link":"https:\/\/www.europesays.com\/forums\/270037\/","title":{"rendered":"\u0160kole muku mu\u010de s nedostatkom nastavnika"},"content":{"rendered":"<p><img decoding=\"async\" src=\"https:\/\/www.europesays.com\/forums\/wp-content\/uploads\/2026\/09\/71sNhsQs8Nw9FT7OO2PMBJQ223b4h63qxWMMnXO7no0.jpeg\" \/><br \/>\n<br \/>\n<!-- SC_OFF --><\/p>\n<div class=\"md\">\n<p>Ne razumijem kako mo\u017ee do\u0107i do nedostatka nastavnika ako ni\u0161ta ne rade, imaju tri mjeseca praznika i primaju za takav nikakav rad fantasti\u010dne pla\u0107e. Ne\u0161to ne \u0161tima&#8230;<\/p>\n<\/div>\n<p><!-- SC_ON --><br \/>\n<br \/>&#8212;<br \/>\nOneOfThe88<\/p>\n","protected":false},"excerpt":{"rendered":"Ne razumijem kako mo\u017ee do\u0107i do nedostatka nastavnika ako ni\u0161ta ne rade, imaju tri mjeseca praznika i primaju&hellip;\n","protected":false},"author":2,"featured_media":270038,"comment_status":"open","ping_status":"","sticky":false,"template":"","format":"standard","meta":{"footnotes":"","_share_on_mastodon":"0"},"categories":[8],"tags":[71],"class_list":["post-270037","post","type-post","status-publish","format-standard","has-post-thumbnail","category-croatia","tag-croatia"],"share_on_mastodon":{"url":"https:\/\/pubeurope.com\/@forums\/117206931983109902","error":""},"_links":{"self":[{"href":"https:\/\/www.europesays.com\/forums\/wp-json\/wp\/v2\/posts\/270037","targetHints":{"allow":["GET"]}}],"collection":[{"href":"https:\/\/www.europesays.com\/forums\/wp-json\/wp\/v2\/posts"}],"about":[{"href":"https:\/\/www.europesays.com\/forums\/wp-json\/wp\/v2\/types\/post"}],"author":[{"embeddable":true,"href":"https:\/\/www.europesays.com\/forums\/wp-json\/wp\/v2\/users\/2"}],"replies":[{"embeddable":true,"href":"https:\/\/www.europesays.com\/forums\/wp-json\/wp\/v2\/comments?post=270037"}],"version-history":[{"count":0,"href":"https:\/\/www.europesays.com\/forums\/wp-json\/wp\/v2\/posts\/270037\/revisions"}],"wp:featuredmedia":[{"embeddable":true,"href":"https:\/\/www.europesays.com\/forums\/wp-json\/wp\/v2\/media\/270038"}],"wp:attachment":[{"href":"https:\/\/www.europesays.com\/forums\/wp-json\/wp\/v2\/media?parent=270037"}],"wp:term":[{"taxonomy":"category","embeddable":true,"href":"https:\/\/www.europesays.com\/forums\/wp-json\/wp\/v2\/categories?post=270037"},{"taxonomy":"post_tag","embeddable":true,"href":"https:\/\/www.europesays.com\/forums\/wp-json\/wp\/v2\/tags?post=270037"}],"curies":[{"name":"wp","href":"https:\/\/api.w.org\/{rel}","templated":true}]}}