{"id":270085,"date":"2026-09-03T11:22:12","date_gmt":"2026-09-03T11:22:12","guid":{"rendered":"https:\/\/www.europesays.com\/forums\/270085\/"},"modified":"2026-09-03T11:22:12","modified_gmt":"2026-09-03T11:22:12","slug":"prumerna-mzda-se-zvedlna-na-51-966-korun","status":"publish","type":"post","link":"https:\/\/www.europesays.com\/forums\/270085\/","title":{"rendered":"Pr\u016fm\u011brn\u00e1 mzda se zvedlna na 51 966 Korun!"},"content":{"rendered":"<p><img decoding=\"async\" src=\"https:\/\/www.europesays.com\/forums\/wp-content\/uploads\/2026\/09\/m7cknrf6hanh1.jpeg\" \/><br \/>\n<br \/>\n<!-- SC_OFF --><\/p>\n<div class=\"md\">\n<p>Pr\u016fm\u011brn\u00e1 mzda vzrostla proto\u017ee, si p\u00e1r mana\u017eer\u016f rozdalo miliony, meziro\u010dn\u011b v\u011bt\u0161inou o mega v\u00edc a v\u0161em co pracuj\u00ed v\u00fdplata z\u016fstala stejn\u00e1, tak t\u00edm se v \u010cesku zvedla pr\u016fm\u011brn\u00e1 mzda. Gratuluji.<\/p>\n<p>P\u00ed\u0161u to tro\u0161ku nadnesen\u011b, ale i moje pracovn\u00ed situace to zcela potvrzuje. Pracuju v 6 \u010dlenn\u00e9m prodejn\u00edm t\u00fdmu, kde pracuj\u00edc\u00edmu nem\u016f\u017eou zvednout o 10% v\u00fdplatu, ale mana\u017eer za rok vyd\u011bl\u00e1 celou moji 30letou hypot\u00e9ku a meziro\u010dn\u011b bere o mega v\u00edc, proto\u017ee jedeme neuv\u011b\u0159iteln\u00fd bomby, obraty a rekordy. Zkr\u00e1tka my mak\u00e1me, ale jedin\u00fd kdo na tom re\u00e1ln\u011b profituje je jeden mana\u017eer, kter\u00fd po x takov\u00fdch letech ty pen\u00edze u\u017e ani snad nepot\u0159ebuje, dle m\u00e9ho u\u017e nev\u00ed co s p\u011bn\u011bzi a \u017eije mimo realitu. Tenhle stav m\u011b u\u017e opravdu neuv\u011b\u0159iteln\u011b sere. Zrovna mi zvedli o 10 tis\u00edc hypot\u00e9ku, ve\u0161ker\u00fd j\u00eddlo stoj\u00ed trojn\u00e1sobek ne\u017e p\u0159ed covidem, ale m\u00e1m tleskat, \u017ee mi zvedli v\u00fdplatu meziro\u010dn\u011b o 2 % m\u00ednus da\u0148. Taky m\u00e1te ten pocit? Kapitalisme, b\u011b\u017e do hajzlu.<\/p>\n<\/div>\n<p><!-- SC_ON --><br \/>\n<br \/>&#8212;<br \/>\nImpossibleAnxiety183<\/p>\n","protected":false},"excerpt":{"rendered":"Pr\u016fm\u011brn\u00e1 mzda vzrostla proto\u017ee, si p\u00e1r mana\u017eer\u016f rozdalo miliony, meziro\u010dn\u011b v\u011bt\u0161inou o mega v\u00edc a v\u0161em co pracuj\u00ed&hellip;\n","protected":false},"author":2,"featured_media":270086,"comment_status":"open","ping_status":"","sticky":false,"template":"","format":"standard","meta":{"footnotes":"","_share_on_mastodon":"0"},"categories":[10],"tags":[58,59],"class_list":["post-270085","post","type-post","status-publish","format-standard","has-post-thumbnail","category-czech-republic","tag-czech-republic","tag-czechia"],"share_on_mastodon":{"url":"https:\/\/pubeurope.com\/@forums\/117207097206435430","error":""},"_links":{"self":[{"href":"https:\/\/www.europesays.com\/forums\/wp-json\/wp\/v2\/posts\/270085","targetHints":{"allow":["GET"]}}],"collection":[{"href":"https:\/\/www.europesays.com\/forums\/wp-json\/wp\/v2\/posts"}],"about":[{"href":"https:\/\/www.europesays.com\/forums\/wp-json\/wp\/v2\/types\/post"}],"author":[{"embeddable":true,"href":"https:\/\/www.europesays.com\/forums\/wp-json\/wp\/v2\/users\/2"}],"replies":[{"embeddable":true,"href":"https:\/\/www.europesays.com\/forums\/wp-json\/wp\/v2\/comments?post=270085"}],"version-history":[{"count":0,"href":"https:\/\/www.europesays.com\/forums\/wp-json\/wp\/v2\/posts\/270085\/revisions"}],"wp:featuredmedia":[{"embeddable":true,"href":"https:\/\/www.europesays.com\/forums\/wp-json\/wp\/v2\/media\/270086"}],"wp:attachment":[{"href":"https:\/\/www.europesays.com\/forums\/wp-json\/wp\/v2\/media?parent=270085"}],"wp:term":[{"taxonomy":"category","embeddable":true,"href":"https:\/\/www.europesays.com\/forums\/wp-json\/wp\/v2\/categories?post=270085"},{"taxonomy":"post_tag","embeddable":true,"href":"https:\/\/www.europesays.com\/forums\/wp-json\/wp\/v2\/tags?post=270085"}],"curies":[{"name":"wp","href":"https:\/\/api.w.org\/{rel}","templated":true}]}}