{"id":270119,"date":"2026-09-03T07:54:41","date_gmt":"2026-09-03T07:54:41","guid":{"rendered":"https:\/\/www.europesays.com\/forums\/270119\/"},"modified":"2026-09-03T07:54:41","modified_gmt":"2026-09-03T07:54:41","slug":"nadi-svoj-hobi-na-hrvatskom-i-besplatno-1299-ljudi-u-tri-mjeseca","status":"publish","type":"post","link":"https:\/\/www.europesays.com\/forums\/270119\/","title":{"rendered":"Na\u0111i svoj hobi, na hrvatskom i besplatno. 1299 ljudi u tri mjeseca"},"content":{"rendered":"<p><img decoding=\"async\" src=\"https:\/\/www.europesays.com\/forums\/wp-content\/uploads\/2026\/09\/dFnI21HIDERV_aQIukdR0RjQOw3ZTu0CvcoaMPraTQ0.jpeg\" \/><br \/>\n<br \/>\n<!-- SC_OFF --><\/p>\n<div class=\"md\">\n<p>Prije dva tjedna sam ovdje pisao o Hobinjaku, pa kratko \u0161to se promijenilo.<\/p>\n<p>Hobinjak je hrvatska stranica za hobije. Odabere\u0161 svoje i na jednom mjestu dobije\u0161 objave, izlete i oglase za opremu.<\/p>\n<p><a href=\"https:\/\/hobinjak.eu\" rel=\"nofollow noopener\" target=\"_blank\">https:\/\/hobinjak.eu<\/a><\/p>\n<p>Brojke:<\/p>\n<p>&#8211; korisnika: 863 prije dva tjedna, danas 1299<\/p>\n<p>&#8211; aktivnih u zadnjih 7 dana: 455<\/p>\n<p>&#8211; hobija: 139<\/p>\n<p>&#8211; trgovina u imeniku: 1472, razvrstanih po gradu<\/p>\n<p>Ova dva tjedna su oti\u0161la na obavijesti i chat. Poruka sada dolazi odmah, bez osvje\u017eavanja stranice, i kao push na mobitel.<\/p>\n<p>\u0160to najvi\u0161e fali: izleti i doga\u0111aji. Ljudi gledaju, ali malo ih organizira. Planinarenje ima 319 \u010dlanova i dva najavljena izleta, \u0161to dosta govori.<\/p>\n<p>Zanima me \u0161to bi vas natjeralo da ne\u0161to objavite ili organizirate.<\/p>\n<\/div>\n<p><!-- SC_ON --><br \/>\n<br \/>&#8212;<br \/>\nShot_Management_5231<\/p>\n","protected":false},"excerpt":{"rendered":"Prije dva tjedna sam ovdje pisao o Hobinjaku, pa kratko \u0161to se promijenilo. Hobinjak je hrvatska stranica za&hellip;\n","protected":false},"author":2,"featured_media":270120,"comment_status":"open","ping_status":"","sticky":false,"template":"","format":"standard","meta":{"footnotes":"","_share_on_mastodon":"0"},"categories":[8],"tags":[71],"class_list":["post-270119","post","type-post","status-publish","format-standard","has-post-thumbnail","category-croatia","tag-croatia"],"share_on_mastodon":{"url":"https:\/\/pubeurope.com\/@forums\/117207214795725780","error":""},"_links":{"self":[{"href":"https:\/\/www.europesays.com\/forums\/wp-json\/wp\/v2\/posts\/270119","targetHints":{"allow":["GET"]}}],"collection":[{"href":"https:\/\/www.europesays.com\/forums\/wp-json\/wp\/v2\/posts"}],"about":[{"href":"https:\/\/www.europesays.com\/forums\/wp-json\/wp\/v2\/types\/post"}],"author":[{"embeddable":true,"href":"https:\/\/www.europesays.com\/forums\/wp-json\/wp\/v2\/users\/2"}],"replies":[{"embeddable":true,"href":"https:\/\/www.europesays.com\/forums\/wp-json\/wp\/v2\/comments?post=270119"}],"version-history":[{"count":0,"href":"https:\/\/www.europesays.com\/forums\/wp-json\/wp\/v2\/posts\/270119\/revisions"}],"wp:featuredmedia":[{"embeddable":true,"href":"https:\/\/www.europesays.com\/forums\/wp-json\/wp\/v2\/media\/270120"}],"wp:attachment":[{"href":"https:\/\/www.europesays.com\/forums\/wp-json\/wp\/v2\/media?parent=270119"}],"wp:term":[{"taxonomy":"category","embeddable":true,"href":"https:\/\/www.europesays.com\/forums\/wp-json\/wp\/v2\/categories?post=270119"},{"taxonomy":"post_tag","embeddable":true,"href":"https:\/\/www.europesays.com\/forums\/wp-json\/wp\/v2\/tags?post=270119"}],"curies":[{"name":"wp","href":"https:\/\/api.w.org\/{rel}","templated":true}]}}