{"id":270163,"date":"2026-09-03T12:58:02","date_gmt":"2026-09-03T12:58:02","guid":{"rendered":"https:\/\/www.europesays.com\/forums\/270163\/"},"modified":"2026-09-03T12:58:02","modified_gmt":"2026-09-03T12:58:02","slug":"drama-pred-kotarske-izbore-na-blatinama-nakon-povlacenja-s-liste-lijeve-koalicije-prijavila-nositelja-liste-i-predsjednika-kotara-blatine-skrape-u-proteklom-mandatu-gorana-sarotica","status":"publish","type":"post","link":"https:\/\/www.europesays.com\/forums\/270163\/","title":{"rendered":"Drama pred kotarske izbore na Blatinama. Nakon povla\u010denja s liste lijeve koalicije, prijavila nositelja liste i predsjednika kotara Blatine-\u0160krape u proteklom mandatu Gorana \u0160aroti\u0107a"},"content":{"rendered":"<p><img decoding=\"async\" src=\"https:\/\/www.europesays.com\/forums\/wp-content\/uploads\/2026\/09\/jB-O48OdqYWOnxqo3647QcFcpYJ7ZfTvXKYNf0sOeb0.jpeg\" \/><br \/>\n<br \/>\n<!-- SC_OFF --><\/p>\n<div class=\"md\">\n<p>Evo vamo odli\u010dan primjer za\u0161to SDP nije ozbiljna stranka, i za\u0161to HDZ mo\u017ee jahat rvackon kako im prdne. <\/p>\n<\/div>\n<p><!-- SC_ON --><br \/>\n<br \/>&#8212;<br \/>\nMrJurich<\/p>\n","protected":false},"excerpt":{"rendered":"Evo vamo odli\u010dan primjer za\u0161to SDP nije ozbiljna stranka, i za\u0161to HDZ mo\u017ee jahat rvackon kako im prdne.&hellip;\n","protected":false},"author":2,"featured_media":270164,"comment_status":"open","ping_status":"","sticky":false,"template":"","format":"standard","meta":{"footnotes":"","_share_on_mastodon":"0"},"categories":[8],"tags":[71],"class_list":["post-270163","post","type-post","status-publish","format-standard","has-post-thumbnail","category-croatia","tag-croatia"],"share_on_mastodon":{"url":"https:\/\/pubeurope.com\/@forums\/117207356574560369","error":""},"_links":{"self":[{"href":"https:\/\/www.europesays.com\/forums\/wp-json\/wp\/v2\/posts\/270163","targetHints":{"allow":["GET"]}}],"collection":[{"href":"https:\/\/www.europesays.com\/forums\/wp-json\/wp\/v2\/posts"}],"about":[{"href":"https:\/\/www.europesays.com\/forums\/wp-json\/wp\/v2\/types\/post"}],"author":[{"embeddable":true,"href":"https:\/\/www.europesays.com\/forums\/wp-json\/wp\/v2\/users\/2"}],"replies":[{"embeddable":true,"href":"https:\/\/www.europesays.com\/forums\/wp-json\/wp\/v2\/comments?post=270163"}],"version-history":[{"count":0,"href":"https:\/\/www.europesays.com\/forums\/wp-json\/wp\/v2\/posts\/270163\/revisions"}],"wp:featuredmedia":[{"embeddable":true,"href":"https:\/\/www.europesays.com\/forums\/wp-json\/wp\/v2\/media\/270164"}],"wp:attachment":[{"href":"https:\/\/www.europesays.com\/forums\/wp-json\/wp\/v2\/media?parent=270163"}],"wp:term":[{"taxonomy":"category","embeddable":true,"href":"https:\/\/www.europesays.com\/forums\/wp-json\/wp\/v2\/categories?post=270163"},{"taxonomy":"post_tag","embeddable":true,"href":"https:\/\/www.europesays.com\/forums\/wp-json\/wp\/v2\/tags?post=270163"}],"curies":[{"name":"wp","href":"https:\/\/api.w.org\/{rel}","templated":true}]}}