{"id":270169,"date":"2026-09-03T13:02:28","date_gmt":"2026-09-03T13:02:28","guid":{"rendered":"https:\/\/www.europesays.com\/forums\/270169\/"},"modified":"2026-09-03T13:02:28","modified_gmt":"2026-09-03T13:02:28","slug":"oganesjan-nalakal-macinku-pod-falesnou-zaminkou-na-rozhovor-ten-to-zatajil-ochrance-jako-mz-ji-ma-povinne-oganesjan-toho-vyuzil-a-studiu-naplnil-atrapy-zbrani-vedou-to-tady-naprosti-amateri","status":"publish","type":"post","link":"https:\/\/www.europesays.com\/forums\/270169\/","title":{"rendered":"Oganesjan nal\u00e1kal Macinku pod fale\u0161nou z\u00e1minkou na rozhovor. Ten to zatajil ochrance (jako MZ j\u00ed m\u00e1 povinn\u011b). Oganesjan toho vyu\u017eil a studiu naplnil atrapy zbran\u00ed. Vedou to tady naprost\u00ed amat\u00e9\u0159i."},"content":{"rendered":"<p><img decoding=\"async\" src=\"https:\/\/www.europesays.com\/forums\/wp-content\/uploads\/2026\/09\/aafzfjrpzanh1.jpeg\" \/><br \/>\n<br \/>\nOganesjan nal\u00e1kal Macinku pod fale\u0161nou z\u00e1minkou na rozhovor. Ten to zatajil ochrance (jako MZ j\u00ed m\u00e1 povinn\u011b). Oganesjan toho vyu\u017eil a studiu naplnil atrapy zbran\u00ed. Vedou to tady naprost\u00ed amat\u00e9\u0159i.<br \/>\n<br \/>&#8212;<br \/>\nJunkFoodEnjoyer<\/p>\n","protected":false},"excerpt":{"rendered":"Oganesjan nal\u00e1kal Macinku pod fale\u0161nou z\u00e1minkou na rozhovor. Ten to zatajil ochrance (jako MZ j\u00ed m\u00e1 povinn\u011b). Oganesjan&hellip;\n","protected":false},"author":2,"featured_media":270170,"comment_status":"open","ping_status":"","sticky":false,"template":"","format":"standard","meta":{"footnotes":"","_share_on_mastodon":"0"},"categories":[10],"tags":[58,59],"class_list":["post-270169","post","type-post","status-publish","format-standard","has-post-thumbnail","category-czech-republic","tag-czech-republic","tag-czechia"],"share_on_mastodon":{"url":"https:\/\/pubeurope.com\/@forums\/117207380120201506","error":""},"_links":{"self":[{"href":"https:\/\/www.europesays.com\/forums\/wp-json\/wp\/v2\/posts\/270169","targetHints":{"allow":["GET"]}}],"collection":[{"href":"https:\/\/www.europesays.com\/forums\/wp-json\/wp\/v2\/posts"}],"about":[{"href":"https:\/\/www.europesays.com\/forums\/wp-json\/wp\/v2\/types\/post"}],"author":[{"embeddable":true,"href":"https:\/\/www.europesays.com\/forums\/wp-json\/wp\/v2\/users\/2"}],"replies":[{"embeddable":true,"href":"https:\/\/www.europesays.com\/forums\/wp-json\/wp\/v2\/comments?post=270169"}],"version-history":[{"count":0,"href":"https:\/\/www.europesays.com\/forums\/wp-json\/wp\/v2\/posts\/270169\/revisions"}],"wp:featuredmedia":[{"embeddable":true,"href":"https:\/\/www.europesays.com\/forums\/wp-json\/wp\/v2\/media\/270170"}],"wp:attachment":[{"href":"https:\/\/www.europesays.com\/forums\/wp-json\/wp\/v2\/media?parent=270169"}],"wp:term":[{"taxonomy":"category","embeddable":true,"href":"https:\/\/www.europesays.com\/forums\/wp-json\/wp\/v2\/categories?post=270169"},{"taxonomy":"post_tag","embeddable":true,"href":"https:\/\/www.europesays.com\/forums\/wp-json\/wp\/v2\/tags?post=270169"}],"curies":[{"name":"wp","href":"https:\/\/api.w.org\/{rel}","templated":true}]}}