{"id":270205,"date":"2026-09-03T13:24:34","date_gmt":"2026-09-03T13:24:34","guid":{"rendered":"https:\/\/www.europesays.com\/forums\/270205\/"},"modified":"2026-09-03T13:24:34","modified_gmt":"2026-09-03T13:24:34","slug":"njemacka-obitelj-prekinula-odmor-u-hrvatskom-kampu-bilo-je-nepodnosljivo-kako-je-moguce-da-je-recenzija-kampa-nekako-vijest-na-portalu","status":"publish","type":"post","link":"https:\/\/www.europesays.com\/forums\/270205\/","title":{"rendered":"Njema\u010dka obitelj prekinula odmor u hrvatskom kampu: \u201eBilo je nepodno\u0161ljivo!\u201c &#8211; KAKO JE MOGU\u0106E DA JE RECENZIJA KAMPA NEKAKO VIJEST NA PORTALU?"},"content":{"rendered":"<p><img decoding=\"async\" src=\"https:\/\/www.europesays.com\/forums\/wp-content\/uploads\/2026\/09\/jMoD27HGMlEx-g6pYigtA4bCPwz8k3VvdDe-5sZaUHw.jpeg\" \/><br \/>\n<br \/>\n<!-- SC_OFF --><\/p>\n<div class=\"md\">\n<p>Obitelj iz Njema\u010dke nije bila zadovoljna smje\u0161tajem u kampu, i od tog je napravljena vijest na N1, je li ovo mogu\u0107e? Frapiran sam glupo\u0161\u0107u ovog \u010dlanka. Ubacili su vjerojatno recenziju od nekoliko re\u010denica u AI i napravili \u010dlanak od nekoliko paragrafa. Bonus bodovi, slika \u010dak nije iz Hrvatske.<\/p>\n<\/div>\n<p><!-- SC_ON --><br \/>\n<br \/>&#8212;<br \/>\nThisDuckIsOnFire555<\/p>\n","protected":false},"excerpt":{"rendered":"Obitelj iz Njema\u010dke nije bila zadovoljna smje\u0161tajem u kampu, i od tog je napravljena vijest na N1, je&hellip;\n","protected":false},"author":2,"featured_media":270206,"comment_status":"open","ping_status":"","sticky":false,"template":"","format":"standard","meta":{"footnotes":"","_share_on_mastodon":"0"},"categories":[8],"tags":[71],"class_list":["post-270205","post","type-post","status-publish","format-standard","has-post-thumbnail","category-croatia","tag-croatia"],"share_on_mastodon":{"url":"https:\/\/pubeurope.com\/@forums\/117207497973169855","error":""},"_links":{"self":[{"href":"https:\/\/www.europesays.com\/forums\/wp-json\/wp\/v2\/posts\/270205","targetHints":{"allow":["GET"]}}],"collection":[{"href":"https:\/\/www.europesays.com\/forums\/wp-json\/wp\/v2\/posts"}],"about":[{"href":"https:\/\/www.europesays.com\/forums\/wp-json\/wp\/v2\/types\/post"}],"author":[{"embeddable":true,"href":"https:\/\/www.europesays.com\/forums\/wp-json\/wp\/v2\/users\/2"}],"replies":[{"embeddable":true,"href":"https:\/\/www.europesays.com\/forums\/wp-json\/wp\/v2\/comments?post=270205"}],"version-history":[{"count":0,"href":"https:\/\/www.europesays.com\/forums\/wp-json\/wp\/v2\/posts\/270205\/revisions"}],"wp:featuredmedia":[{"embeddable":true,"href":"https:\/\/www.europesays.com\/forums\/wp-json\/wp\/v2\/media\/270206"}],"wp:attachment":[{"href":"https:\/\/www.europesays.com\/forums\/wp-json\/wp\/v2\/media?parent=270205"}],"wp:term":[{"taxonomy":"category","embeddable":true,"href":"https:\/\/www.europesays.com\/forums\/wp-json\/wp\/v2\/categories?post=270205"},{"taxonomy":"post_tag","embeddable":true,"href":"https:\/\/www.europesays.com\/forums\/wp-json\/wp\/v2\/tags?post=270205"}],"curies":[{"name":"wp","href":"https:\/\/api.w.org\/{rel}","templated":true}]}}