{"id":270213,"date":"2026-09-03T13:25:02","date_gmt":"2026-09-03T13:25:02","guid":{"rendered":"https:\/\/www.europesays.com\/forums\/270213\/"},"modified":"2026-09-03T13:25:02","modified_gmt":"2026-09-03T13:25:02","slug":"skoda-fabia-v-pistaciove-zelene-barve-bylo-vyrobeno-jen-6954-kusu","status":"publish","type":"post","link":"https:\/\/www.europesays.com\/forums\/270213\/","title":{"rendered":"\u0160koda fabia v pistaciov\u011b zelen\u00e9 barv\u011b. Bylo vyrobeno jen 6954 kus\u016f!"},"content":{"rendered":"<p><img decoding=\"async\" src=\"https:\/\/www.europesays.com\/forums\/wp-content\/uploads\/2026\/09\/f1co64qy3bnh1.jpg\" \/><\/p>\n<p><img decoding=\"async\" src=\"https:\/\/www.europesays.com\/forums\/wp-content\/uploads\/2026\/09\/qarf597z3bnh1.jpg\" \/><\/p>\n<p>\n<!-- SC_OFF --><\/p>\n<div class=\"md\">\n<p>Toto je jedna z nejvz\u00e1cn\u011bj\u0161\u00edch barev. V sedanu bylo vyrobeno dokonce jen 6.<\/p>\n<\/div>\n<p><!-- SC_ON --><br \/>\n<br \/>&#8212;<br \/>\nKronosaurus436<\/p>\n","protected":false},"excerpt":{"rendered":"Toto je jedna z nejvz\u00e1cn\u011bj\u0161\u00edch barev. V sedanu bylo vyrobeno dokonce jen 6. &#8212; Kronosaurus436\n","protected":false},"author":2,"featured_media":270214,"comment_status":"open","ping_status":"","sticky":false,"template":"","format":"standard","meta":{"footnotes":"","_share_on_mastodon":"0"},"categories":[10],"tags":[58,59],"class_list":["post-270213","post","type-post","status-publish","format-standard","has-post-thumbnail","category-czech-republic","tag-czech-republic","tag-czechia"],"share_on_mastodon":{"url":"","error":""},"_links":{"self":[{"href":"https:\/\/www.europesays.com\/forums\/wp-json\/wp\/v2\/posts\/270213","targetHints":{"allow":["GET"]}}],"collection":[{"href":"https:\/\/www.europesays.com\/forums\/wp-json\/wp\/v2\/posts"}],"about":[{"href":"https:\/\/www.europesays.com\/forums\/wp-json\/wp\/v2\/types\/post"}],"author":[{"embeddable":true,"href":"https:\/\/www.europesays.com\/forums\/wp-json\/wp\/v2\/users\/2"}],"replies":[{"embeddable":true,"href":"https:\/\/www.europesays.com\/forums\/wp-json\/wp\/v2\/comments?post=270213"}],"version-history":[{"count":0,"href":"https:\/\/www.europesays.com\/forums\/wp-json\/wp\/v2\/posts\/270213\/revisions"}],"wp:featuredmedia":[{"embeddable":true,"href":"https:\/\/www.europesays.com\/forums\/wp-json\/wp\/v2\/media\/270214"}],"wp:attachment":[{"href":"https:\/\/www.europesays.com\/forums\/wp-json\/wp\/v2\/media?parent=270213"}],"wp:term":[{"taxonomy":"category","embeddable":true,"href":"https:\/\/www.europesays.com\/forums\/wp-json\/wp\/v2\/categories?post=270213"},{"taxonomy":"post_tag","embeddable":true,"href":"https:\/\/www.europesays.com\/forums\/wp-json\/wp\/v2\/tags?post=270213"}],"curies":[{"name":"wp","href":"https:\/\/api.w.org\/{rel}","templated":true}]}}