{"id":270249,"date":"2026-09-03T14:04:37","date_gmt":"2026-09-03T14:04:37","guid":{"rendered":"https:\/\/www.europesays.com\/forums\/270249\/"},"modified":"2026-09-03T14:04:37","modified_gmt":"2026-09-03T14:04:37","slug":"policija-upala-u-ordinaciju-lijecnik-bez-pregleda-izdavao-potvrde-vozacima-pomorcima-i-sportasima","status":"publish","type":"post","link":"https:\/\/www.europesays.com\/forums\/270249\/","title":{"rendered":"Policija upala u ordinaciju: Lije\u010dnik bez pregleda izdavao potvrde voza\u010dima, pomorcima i sporta\u0161ima"},"content":{"rendered":"<p><img decoding=\"async\" src=\"https:\/\/www.europesays.com\/forums\/wp-content\/uploads\/2026\/09\/CSkx5HXbiDvZuKzTuduWCVMugz_wRUjq6TKLS-xL_EM.jpeg\" \/><br \/>\n<br \/>\nPolicija upala u ordinaciju: Lije\u010dnik bez pregleda izdavao potvrde voza\u010dima, pomorcima i sporta\u0161ima<br \/>\n<br \/>&#8212;<br \/>\ngarethtrooper<\/p>\n","protected":false},"excerpt":{"rendered":"Policija upala u ordinaciju: Lije\u010dnik bez pregleda izdavao potvrde voza\u010dima, pomorcima i sporta\u0161ima &#8212; garethtrooper\n","protected":false},"author":2,"featured_media":270250,"comment_status":"open","ping_status":"","sticky":false,"template":"","format":"standard","meta":{"footnotes":"","_share_on_mastodon":"0"},"categories":[8],"tags":[71],"class_list":["post-270249","post","type-post","status-publish","format-standard","has-post-thumbnail","category-croatia","tag-croatia"],"share_on_mastodon":{"url":"https:\/\/pubeurope.com\/@forums\/117207639792015205","error":""},"_links":{"self":[{"href":"https:\/\/www.europesays.com\/forums\/wp-json\/wp\/v2\/posts\/270249","targetHints":{"allow":["GET"]}}],"collection":[{"href":"https:\/\/www.europesays.com\/forums\/wp-json\/wp\/v2\/posts"}],"about":[{"href":"https:\/\/www.europesays.com\/forums\/wp-json\/wp\/v2\/types\/post"}],"author":[{"embeddable":true,"href":"https:\/\/www.europesays.com\/forums\/wp-json\/wp\/v2\/users\/2"}],"replies":[{"embeddable":true,"href":"https:\/\/www.europesays.com\/forums\/wp-json\/wp\/v2\/comments?post=270249"}],"version-history":[{"count":0,"href":"https:\/\/www.europesays.com\/forums\/wp-json\/wp\/v2\/posts\/270249\/revisions"}],"wp:featuredmedia":[{"embeddable":true,"href":"https:\/\/www.europesays.com\/forums\/wp-json\/wp\/v2\/media\/270250"}],"wp:attachment":[{"href":"https:\/\/www.europesays.com\/forums\/wp-json\/wp\/v2\/media?parent=270249"}],"wp:term":[{"taxonomy":"category","embeddable":true,"href":"https:\/\/www.europesays.com\/forums\/wp-json\/wp\/v2\/categories?post=270249"},{"taxonomy":"post_tag","embeddable":true,"href":"https:\/\/www.europesays.com\/forums\/wp-json\/wp\/v2\/tags?post=270249"}],"curies":[{"name":"wp","href":"https:\/\/api.w.org\/{rel}","templated":true}]}}