{"id":270363,"date":"2026-09-03T16:18:20","date_gmt":"2026-09-03T16:18:20","guid":{"rendered":"https:\/\/www.europesays.com\/forums\/270363\/"},"modified":"2026-09-03T16:18:20","modified_gmt":"2026-09-03T16:18:20","slug":"petr-macinka-vymenil-bezpecnost-statu-za-lahev-rumu-a-sednul-si-do-studia-s-maskovanym-anonymem-kde-byly-zbrane-a-bomba","status":"publish","type":"post","link":"https:\/\/www.europesays.com\/forums\/270363\/","title":{"rendered":"Petr Macinka vym\u011bnil bezpe\u010dnost st\u00e1tu za lahev rumu (a sednul si do studia s maskovan\u00fdm anonymem, kde byly zbran\u011b a bomba)"},"content":{"rendered":"<p><img decoding=\"async\" src=\"https:\/\/www.europesays.com\/forums\/wp-content\/uploads\/2026\/09\/vZeRgh2yxrogSBsNX_enxv3QW5j72UHRd-ys6xyzXk8.jpeg\" \/><br \/>\n<br \/>\nPetr Macinka vym\u011bnil bezpe\u010dnost st\u00e1tu za lahev rumu (a sednul si do studia s maskovan\u00fdm anonymem, kde byly zbran\u011b a bomba)<br \/>\n<br \/>\n<iframe loading=\"lazy\" title=\"Petr Macinka vym\u011bnil bezpe\u010dnost st\u00e1tu za lahev rumu\" width=\"1200\" height=\"675\" src=\"https:\/\/www.youtube.com\/embed\/eaHyysh8TZ0?feature=oembed\" frameborder=\"0\" allow=\"accelerometer; autoplay; clipboard-write; encrypted-media; gyroscope; picture-in-picture; web-share\" referrerpolicy=\"strict-origin-when-cross-origin\" allowfullscreen><\/iframe><br \/>\n<br \/>\n&#8212;<br \/>\nShvaytzar<\/p>\n","protected":false},"excerpt":{"rendered":"Petr Macinka vym\u011bnil bezpe\u010dnost st\u00e1tu za lahev rumu (a sednul si do studia s maskovan\u00fdm anonymem, kde byly&hellip;\n","protected":false},"author":2,"featured_media":270364,"comment_status":"open","ping_status":"","sticky":false,"template":"","format":"standard","meta":{"footnotes":"","_share_on_mastodon":"0"},"categories":[10],"tags":[58,59],"class_list":["post-270363","post","type-post","status-publish","format-standard","has-post-thumbnail","category-czech-republic","tag-czech-republic","tag-czechia"],"share_on_mastodon":{"url":"https:\/\/pubeurope.com\/@forums\/117208091752391613","error":""},"_links":{"self":[{"href":"https:\/\/www.europesays.com\/forums\/wp-json\/wp\/v2\/posts\/270363","targetHints":{"allow":["GET"]}}],"collection":[{"href":"https:\/\/www.europesays.com\/forums\/wp-json\/wp\/v2\/posts"}],"about":[{"href":"https:\/\/www.europesays.com\/forums\/wp-json\/wp\/v2\/types\/post"}],"author":[{"embeddable":true,"href":"https:\/\/www.europesays.com\/forums\/wp-json\/wp\/v2\/users\/2"}],"replies":[{"embeddable":true,"href":"https:\/\/www.europesays.com\/forums\/wp-json\/wp\/v2\/comments?post=270363"}],"version-history":[{"count":0,"href":"https:\/\/www.europesays.com\/forums\/wp-json\/wp\/v2\/posts\/270363\/revisions"}],"wp:featuredmedia":[{"embeddable":true,"href":"https:\/\/www.europesays.com\/forums\/wp-json\/wp\/v2\/media\/270364"}],"wp:attachment":[{"href":"https:\/\/www.europesays.com\/forums\/wp-json\/wp\/v2\/media?parent=270363"}],"wp:term":[{"taxonomy":"category","embeddable":true,"href":"https:\/\/www.europesays.com\/forums\/wp-json\/wp\/v2\/categories?post=270363"},{"taxonomy":"post_tag","embeddable":true,"href":"https:\/\/www.europesays.com\/forums\/wp-json\/wp\/v2\/tags?post=270363"}],"curies":[{"name":"wp","href":"https:\/\/api.w.org\/{rel}","templated":true}]}}