{"id":270399,"date":"2026-09-03T16:30:02","date_gmt":"2026-09-03T16:30:02","guid":{"rendered":"https:\/\/www.europesays.com\/forums\/270399\/"},"modified":"2026-09-03T16:30:02","modified_gmt":"2026-09-03T16:30:02","slug":"bizarni-pripad-z-ceskych-budejovic-miroslav-hurych","status":"publish","type":"post","link":"https:\/\/www.europesays.com\/forums\/270399\/","title":{"rendered":"Biz\u00e1rn\u00ed p\u0159\u00edpad z \u010cesk\u00fdch Bud\u011bjovic &#8211; Miroslav Hurych"},"content":{"rendered":"<p><img decoding=\"async\" src=\"https:\/\/www.europesays.com\/forums\/wp-content\/uploads\/2026\/09\/2g3je53tsbnh1.png\" \/><\/p>\n<p><img decoding=\"async\" src=\"https:\/\/www.europesays.com\/forums\/wp-content\/uploads\/2026\/09\/zkkwgg1lsbnh1.png\" \/><\/p>\n<p><img decoding=\"async\" src=\"https:\/\/www.europesays.com\/forums\/wp-content\/uploads\/2026\/09\/q5fshg1lsbnh1.jpg\" \/><\/p>\n<p><img decoding=\"async\" src=\"https:\/\/www.europesays.com\/forums\/wp-content\/uploads\/2026\/09\/rtfqpe1lsbnh1.png\" \/><\/p>\n<p><img decoding=\"async\" src=\"https:\/\/www.europesays.com\/forums\/wp-content\/uploads\/2026\/09\/zrwbaezyxbnh1.png\" \/><\/p>\n<p><img decoding=\"async\" src=\"https:\/\/www.europesays.com\/forums\/wp-content\/uploads\/2026\/09\/k2eyme1lsbnh1.jpg\" \/><\/p>\n<p><img decoding=\"async\" src=\"https:\/\/www.europesays.com\/forums\/wp-content\/uploads\/2026\/09\/zgm72g1lsbnh1.png\" \/><\/p>\n<p><img decoding=\"async\" src=\"https:\/\/www.europesays.com\/forums\/wp-content\/uploads\/2026\/09\/n1kqpg1lsbnh1.png\" \/><\/p>\n<p><img decoding=\"async\" src=\"https:\/\/www.europesays.com\/forums\/wp-content\/uploads\/2026\/09\/v7u8mf1lsbnh1.jpg\" \/><\/p>\n<p><img decoding=\"async\" src=\"https:\/\/www.europesays.com\/forums\/wp-content\/uploads\/2026\/09\/4lt65g1lsbnh1.jpg\" \/><\/p>\n<p><img decoding=\"async\" src=\"https:\/\/www.europesays.com\/forums\/wp-content\/uploads\/2026\/09\/zv090e1lsbnh1.jpg\" \/><\/p>\n<p><img decoding=\"async\" src=\"https:\/\/www.europesays.com\/forums\/wp-content\/uploads\/2026\/09\/e6x36f1lsbnh1.jpg\" \/><\/p>\n<p><img decoding=\"async\" src=\"https:\/\/www.europesays.com\/forums\/wp-content\/uploads\/2026\/09\/qzr05keotbnh1.png\" \/><\/p>\n<p><img decoding=\"async\" src=\"https:\/\/www.europesays.com\/forums\/wp-content\/uploads\/2026\/09\/vh0leifptbnh1.jpg\" \/><\/p>\n<p>\n<!-- SC_OFF --><\/p>\n<div class=\"md\">\n<p>Tento opravdov\u00fd biz\u00e1r se t\u00fdk\u00e1 majitele tehdej\u0161\u00edho nev\u011bstince Cabaret Happy a jeho vily v \u010cesk\u00fdch Bud\u011bjovic\u00edch. Od za\u010d\u00e1tku byl pan Miroslav Hurych podle lid\u00ed zaj\u00edmav\u00e1 osoba, ale po skon\u010den\u00ed funkce nev\u011bstince v roce 2005 se o rok pozd\u011bji dostal do poty\u010dky s polici\u00ed a byl odsouzen na 7 let v\u011bzen\u00ed. Po odsezen\u00ed trestu se vr\u00e1til dom\u016f a asi zde p\u00e1r let je\u0161t\u011b \u017eil, ale potom z ni\u010deho nic za\u010dal \u00famysln\u011b devastovat ob\u011b sv\u00e9 nemovitosti. Ve vile \u00fadajn\u011b zboural v\u0161echny st\u011bny a rozd\u011bl\u00e1val v n\u00ed otev\u0159en\u00e9 ohn\u011b. Soused\u00e9 nap\u0159\u00edklad popisuj\u00ed, \u017ee vyrval trubky a okna, ze kter\u00fdch ud\u011blal jak\u00fdsi \u00fatvar a pak je dal zp\u00e1tky. \u0158\u00edkaj\u00ed tak\u00e9, \u017ee z tama vych\u00e1zel se zakrv\u00e1cenou hlavou, \u017ee se pustil i do demolice n\u00e1le\u017e\u00edc\u00edho chodn\u00edku a na jedn\u00e9 z fotek je vid\u011bt jak projevil sv\u016fj um\u011bleck\u00fd vkus vycp\u00e1n\u00edm oken oble\u010den\u00edm. Svoji vilu devastoval a zakl\u00e1dal v n\u00ed po\u017e\u00e1ry a\u017e do minul\u00e9ho roku. Letos se ruina prodala jak\u00e9musi podnikateli, kter\u00fd popisuje celou transakci a komunikaci s majitelem jako pochybnou. Podobn\u00fd osud se nevyhnul ani kabaretu, kter\u00fd n\u011bkolikr\u00e1t zachv\u00e1til po\u017e\u00e1r, a\u017e statika byla tak \u0161patn\u00e1, \u017ee se musel zbourat. Pro\u010d tohle d\u011bl\u00e1 se nikdy neobjasnilo. Jestli zn\u00e1te je\u0161t\u011b jin\u00e9 informace, ur\u010dit\u011b se s nimi pod\u011blte.<\/p>\n<\/div>\n<p><!-- SC_ON --><br \/>\n<br \/>&#8212;<br \/>\nNo-Economist5791<\/p>\n","protected":false},"excerpt":{"rendered":"Tento opravdov\u00fd biz\u00e1r se t\u00fdk\u00e1 majitele tehdej\u0161\u00edho nev\u011bstince Cabaret Happy a jeho vily v \u010cesk\u00fdch Bud\u011bjovic\u00edch. Od za\u010d\u00e1tku&hellip;\n","protected":false},"author":2,"featured_media":270400,"comment_status":"open","ping_status":"","sticky":false,"template":"","format":"standard","meta":{"footnotes":"","_share_on_mastodon":"0"},"categories":[10],"tags":[58,59],"class_list":["post-270399","post","type-post","status-publish","format-standard","has-post-thumbnail","category-czech-republic","tag-czech-republic","tag-czechia"],"share_on_mastodon":{"url":"https:\/\/pubeurope.com\/@forums\/117208233735897569","error":""},"_links":{"self":[{"href":"https:\/\/www.europesays.com\/forums\/wp-json\/wp\/v2\/posts\/270399","targetHints":{"allow":["GET"]}}],"collection":[{"href":"https:\/\/www.europesays.com\/forums\/wp-json\/wp\/v2\/posts"}],"about":[{"href":"https:\/\/www.europesays.com\/forums\/wp-json\/wp\/v2\/types\/post"}],"author":[{"embeddable":true,"href":"https:\/\/www.europesays.com\/forums\/wp-json\/wp\/v2\/users\/2"}],"replies":[{"embeddable":true,"href":"https:\/\/www.europesays.com\/forums\/wp-json\/wp\/v2\/comments?post=270399"}],"version-history":[{"count":0,"href":"https:\/\/www.europesays.com\/forums\/wp-json\/wp\/v2\/posts\/270399\/revisions"}],"wp:featuredmedia":[{"embeddable":true,"href":"https:\/\/www.europesays.com\/forums\/wp-json\/wp\/v2\/media\/270400"}],"wp:attachment":[{"href":"https:\/\/www.europesays.com\/forums\/wp-json\/wp\/v2\/media?parent=270399"}],"wp:term":[{"taxonomy":"category","embeddable":true,"href":"https:\/\/www.europesays.com\/forums\/wp-json\/wp\/v2\/categories?post=270399"},{"taxonomy":"post_tag","embeddable":true,"href":"https:\/\/www.europesays.com\/forums\/wp-json\/wp\/v2\/tags?post=270399"}],"curies":[{"name":"wp","href":"https:\/\/api.w.org\/{rel}","templated":true}]}}