{"id":270439,"date":"2026-09-03T16:37:49","date_gmt":"2026-09-03T16:37:49","guid":{"rendered":"https:\/\/www.europesays.com\/forums\/270439\/"},"modified":"2026-09-03T16:37:49","modified_gmt":"2026-09-03T16:37:49","slug":"prvni-ceska-strela-s-plochou-drahou-letu-prosla-testy-a-je-v-hledacku-nato","status":"publish","type":"post","link":"https:\/\/www.europesays.com\/forums\/270439\/","title":{"rendered":"Prvn\u00ed \u010desk\u00e1 st\u0159ela s plochou dr\u00e1hou letu pro\u0161la testy a je v hled\u00e1\u010dku NATO"},"content":{"rendered":"<p><img decoding=\"async\" src=\"https:\/\/www.europesays.com\/forums\/wp-content\/uploads\/2026\/09\/ogMkhpcY80boFBd1CjuHZbWsLZp2RNjKomCPLoYV9hA.jpeg\" \/><br \/>\n<br \/>\n<!-- SC_OFF --><\/p>\n<div class=\"md\">\n<p>Super!<\/p>\n<\/div>\n<p><!-- SC_ON --><br \/>\n<br \/>&#8212;<br \/>\nVesnickyBoy<\/p>\n","protected":false},"excerpt":{"rendered":"Super! &#8212; VesnickyBoy\n","protected":false},"author":2,"featured_media":270440,"comment_status":"open","ping_status":"","sticky":false,"template":"","format":"standard","meta":{"footnotes":"","_share_on_mastodon":"0"},"categories":[10],"tags":[58,59],"class_list":["post-270439","post","type-post","status-publish","format-standard","has-post-thumbnail","category-czech-republic","tag-czech-republic","tag-czechia"],"share_on_mastodon":{"url":"https:\/\/pubeurope.com\/@forums\/117208374895405989","error":""},"_links":{"self":[{"href":"https:\/\/www.europesays.com\/forums\/wp-json\/wp\/v2\/posts\/270439","targetHints":{"allow":["GET"]}}],"collection":[{"href":"https:\/\/www.europesays.com\/forums\/wp-json\/wp\/v2\/posts"}],"about":[{"href":"https:\/\/www.europesays.com\/forums\/wp-json\/wp\/v2\/types\/post"}],"author":[{"embeddable":true,"href":"https:\/\/www.europesays.com\/forums\/wp-json\/wp\/v2\/users\/2"}],"replies":[{"embeddable":true,"href":"https:\/\/www.europesays.com\/forums\/wp-json\/wp\/v2\/comments?post=270439"}],"version-history":[{"count":0,"href":"https:\/\/www.europesays.com\/forums\/wp-json\/wp\/v2\/posts\/270439\/revisions"}],"wp:featuredmedia":[{"embeddable":true,"href":"https:\/\/www.europesays.com\/forums\/wp-json\/wp\/v2\/media\/270440"}],"wp:attachment":[{"href":"https:\/\/www.europesays.com\/forums\/wp-json\/wp\/v2\/media?parent=270439"}],"wp:term":[{"taxonomy":"category","embeddable":true,"href":"https:\/\/www.europesays.com\/forums\/wp-json\/wp\/v2\/categories?post=270439"},{"taxonomy":"post_tag","embeddable":true,"href":"https:\/\/www.europesays.com\/forums\/wp-json\/wp\/v2\/tags?post=270439"}],"curies":[{"name":"wp","href":"https:\/\/api.w.org\/{rel}","templated":true}]}}