{"id":270485,"date":"2026-09-03T17:56:41","date_gmt":"2026-09-03T17:56:41","guid":{"rendered":"https:\/\/www.europesays.com\/forums\/270485\/"},"modified":"2026-09-03T17:56:41","modified_gmt":"2026-09-03T17:56:41","slug":"ja-se-mam-dobre","status":"publish","type":"post","link":"https:\/\/www.europesays.com\/forums\/270485\/","title":{"rendered":"Ja se m\u00e1m dob\u0159e"},"content":{"rendered":"<p><img decoding=\"async\" src=\"https:\/\/www.europesays.com\/forums\/wp-content\/uploads\/2026\/09\/ikl55d8ggcnh1.jpeg\" \/><br \/>\n<br \/>\n<!-- SC_OFF --><\/p>\n<div class=\"md\">\n<p>Kdy\u017e to tu tak vid\u00edm, tak jsem jen cht\u011bl \u0159\u00edct, \u017ee ja se mam dob\u0159e. Mam \u017eenu, d\u011bti, d\u016fm, dob\u0159e placenou pr\u00e1ci, jsem zdravej. Jsou n\u00e1ro\u010dn\u011bj\u0161\u00ed dny, ale celkov\u011b jsem spokojenej. Babi\u010dka mi sice u\u017e um\u0159ela, ale neokradli ji, ani neutratila v\u0161echny m\u00e9 pen\u00edze. Ned\u011bl\u00e1m si \u0161patn\u00fd den ze slev v s\u00e1mo\u0161ce a moje man\u017eelka mi nehejtuje kamar\u00e1dy.<\/p>\n<p>V\u011b\u0159\u00edm, \u017ee v\u011bt\u0161ina z V\u00e1s se m\u00e1 minim\u00e1ln\u011b stejn\u011b dob\u0159e jako j\u00e1, jen \u010dast\u011bji lidi p\u00ed\u0161ou negativn\u00ed posty ne\u017e pozitivn\u00ed.<\/p>\n<p>Nic v\u00edc jsem \u0159\u00edct necht\u011bl, jen to tu trochu vybalancovat. A dejte si ve\u010der n\u011bco dobr\u00fdho, t\u0159eba tiramisu (i pokud nesn\u00e1\u0161\u00edte lakt\u00f3zu, stoji to za boleni b\u0159icha). \u010cus<\/p>\n<\/div>\n<p><!-- SC_ON --><br \/>\n<br \/>&#8212;<br \/>\nDisastrous-Cellist38<\/p>\n","protected":false},"excerpt":{"rendered":"Kdy\u017e to tu tak vid\u00edm, tak jsem jen cht\u011bl \u0159\u00edct, \u017ee ja se mam dob\u0159e. Mam \u017eenu, d\u011bti,&hellip;\n","protected":false},"author":2,"featured_media":270486,"comment_status":"open","ping_status":"","sticky":false,"template":"","format":"standard","meta":{"footnotes":"","_share_on_mastodon":"0"},"categories":[10],"tags":[58,59],"class_list":["post-270485","post","type-post","status-publish","format-standard","has-post-thumbnail","category-czech-republic","tag-czech-republic","tag-czechia"],"share_on_mastodon":{"url":"https:\/\/pubeurope.com\/@forums\/117208516493662051","error":""},"_links":{"self":[{"href":"https:\/\/www.europesays.com\/forums\/wp-json\/wp\/v2\/posts\/270485","targetHints":{"allow":["GET"]}}],"collection":[{"href":"https:\/\/www.europesays.com\/forums\/wp-json\/wp\/v2\/posts"}],"about":[{"href":"https:\/\/www.europesays.com\/forums\/wp-json\/wp\/v2\/types\/post"}],"author":[{"embeddable":true,"href":"https:\/\/www.europesays.com\/forums\/wp-json\/wp\/v2\/users\/2"}],"replies":[{"embeddable":true,"href":"https:\/\/www.europesays.com\/forums\/wp-json\/wp\/v2\/comments?post=270485"}],"version-history":[{"count":0,"href":"https:\/\/www.europesays.com\/forums\/wp-json\/wp\/v2\/posts\/270485\/revisions"}],"wp:featuredmedia":[{"embeddable":true,"href":"https:\/\/www.europesays.com\/forums\/wp-json\/wp\/v2\/media\/270486"}],"wp:attachment":[{"href":"https:\/\/www.europesays.com\/forums\/wp-json\/wp\/v2\/media?parent=270485"}],"wp:term":[{"taxonomy":"category","embeddable":true,"href":"https:\/\/www.europesays.com\/forums\/wp-json\/wp\/v2\/categories?post=270485"},{"taxonomy":"post_tag","embeddable":true,"href":"https:\/\/www.europesays.com\/forums\/wp-json\/wp\/v2\/tags?post=270485"}],"curies":[{"name":"wp","href":"https:\/\/api.w.org\/{rel}","templated":true}]}}