{"id":270545,"date":"2026-09-03T19:23:20","date_gmt":"2026-09-03T19:23:20","guid":{"rendered":"https:\/\/www.europesays.com\/forums\/270545\/"},"modified":"2026-09-03T19:23:20","modified_gmt":"2026-09-03T19:23:20","slug":"reiter-bei-nacht-1904","status":"publish","type":"post","link":"https:\/\/www.europesays.com\/forums\/270545\/","title":{"rendered":"\u201eReiter bei Nacht\u201c (1904)"},"content":{"rendered":"<p><img decoding=\"async\" src=\"https:\/\/www.europesays.com\/forums\/wp-content\/uploads\/2026\/09\/jhjwp9rwvcnh1.jpeg\" \/><br \/>\n<br \/>\n<!-- SC_OFF --><\/p>\n<div class=\"md\">\n<p>Nev\u00edte n\u011bkdo, kde se dnes nach\u00e1z\u00ed Czeschk\u016fv \u201eReiter bei Nacht\u201c (1904)?<\/p>\n<p>Ahoj, zkou\u0161\u00edm dohledat sou\u010dasn\u00e9 um\u00edst\u011bn\u00ed d\u00edla \u201eReiter bei Nacht\u201c (1904) od Carla Otto Czeschky.<\/p>\n<p>Pro\u0161el jsem b\u011b\u017en\u011b dostupn\u00e9 online zdroje, ale zat\u00edm se mi nepoda\u0159ilo naj\u00edt spolehlivou informaci, zda je d\u00edlo v n\u011bjak\u00e9 muzejn\u00ed sb\u00edrce, nebo v soukrom\u00e9m vlastnictv\u00ed. Ani p\u0159es Google Arts &amp; Culture jsem se k jasn\u00e9mu v\u00fdsledku nedostal.<\/p>\n<p>Nen\u00ed tu n\u00e1hodou n\u011bkdo, kdo se vyzn\u00e1 ve v\u00edde\u0148sk\u00e9 secesi \/ Wiener Werkst\u00e4tte nebo zn\u00e1 n\u011bjak\u00fd katalog Czeschkova d\u00edla, kde by to \u0161lo dohledat?<\/p>\n<p>Budu r\u00e1d za jakoukoli stopu \u2013 muzeum, katalog, auk\u010dn\u00ed z\u00e1znam, provenienci apod. D\u00edky!<\/p>\n<\/div>\n<p><!-- SC_ON --><br \/>\n<br \/>&#8212;<br \/>\nKey_Conference3427<\/p>\n","protected":false},"excerpt":{"rendered":"Nev\u00edte n\u011bkdo, kde se dnes nach\u00e1z\u00ed Czeschk\u016fv \u201eReiter bei Nacht\u201c (1904)? Ahoj, zkou\u0161\u00edm dohledat sou\u010dasn\u00e9 um\u00edst\u011bn\u00ed d\u00edla \u201eReiter&hellip;\n","protected":false},"author":2,"featured_media":270546,"comment_status":"open","ping_status":"","sticky":false,"template":"","format":"standard","meta":{"footnotes":"","_share_on_mastodon":"0"},"categories":[10],"tags":[58,59],"class_list":["post-270545","post","type-post","status-publish","format-standard","has-post-thumbnail","category-czech-republic","tag-czech-republic","tag-czechia"],"share_on_mastodon":{"url":"https:\/\/pubeurope.com\/@forums\/117208799543728329","error":""},"_links":{"self":[{"href":"https:\/\/www.europesays.com\/forums\/wp-json\/wp\/v2\/posts\/270545","targetHints":{"allow":["GET"]}}],"collection":[{"href":"https:\/\/www.europesays.com\/forums\/wp-json\/wp\/v2\/posts"}],"about":[{"href":"https:\/\/www.europesays.com\/forums\/wp-json\/wp\/v2\/types\/post"}],"author":[{"embeddable":true,"href":"https:\/\/www.europesays.com\/forums\/wp-json\/wp\/v2\/users\/2"}],"replies":[{"embeddable":true,"href":"https:\/\/www.europesays.com\/forums\/wp-json\/wp\/v2\/comments?post=270545"}],"version-history":[{"count":0,"href":"https:\/\/www.europesays.com\/forums\/wp-json\/wp\/v2\/posts\/270545\/revisions"}],"wp:featuredmedia":[{"embeddable":true,"href":"https:\/\/www.europesays.com\/forums\/wp-json\/wp\/v2\/media\/270546"}],"wp:attachment":[{"href":"https:\/\/www.europesays.com\/forums\/wp-json\/wp\/v2\/media?parent=270545"}],"wp:term":[{"taxonomy":"category","embeddable":true,"href":"https:\/\/www.europesays.com\/forums\/wp-json\/wp\/v2\/categories?post=270545"},{"taxonomy":"post_tag","embeddable":true,"href":"https:\/\/www.europesays.com\/forums\/wp-json\/wp\/v2\/tags?post=270545"}],"curies":[{"name":"wp","href":"https:\/\/api.w.org\/{rel}","templated":true}]}}