{"id":270607,"date":"2026-09-03T20:24:52","date_gmt":"2026-09-03T20:24:52","guid":{"rendered":"https:\/\/www.europesays.com\/forums\/270607\/"},"modified":"2026-09-03T20:24:52","modified_gmt":"2026-09-03T20:24:52","slug":"rate-my-sbirku-vhs-co-jsem-nasel-na-chate","status":"publish","type":"post","link":"https:\/\/www.europesays.com\/forums\/270607\/","title":{"rendered":"rate my sb\u00edrku VHS co jsem na\u0161el na chat\u011b"},"content":{"rendered":"<p><img decoding=\"async\" src=\"https:\/\/www.europesays.com\/forums\/wp-content\/uploads\/2026\/09\/7rjlzpuv6dnh1.jpeg\" \/><br \/>\n<br \/>\n<!-- SC_OFF --><\/p>\n<div class=\"md\">\n<p>bonus v koment\u00e1\u0159i \ud83d\ude04 <\/p>\n<\/div>\n<p><!-- SC_ON --><br \/>\n<br \/>&#8212;<br \/>\ntreatrix<\/p>\n","protected":false},"excerpt":{"rendered":"bonus v koment\u00e1\u0159i \ud83d\ude04 &#8212; treatrix\n","protected":false},"author":2,"featured_media":270608,"comment_status":"open","ping_status":"","sticky":false,"template":"","format":"standard","meta":{"footnotes":"","_share_on_mastodon":"0"},"categories":[10],"tags":[58,59],"class_list":["post-270607","post","type-post","status-publish","format-standard","has-post-thumbnail","category-czech-republic","tag-czech-republic","tag-czechia"],"share_on_mastodon":{"url":"https:\/\/pubeurope.com\/@forums\/117209082947421769","error":""},"_links":{"self":[{"href":"https:\/\/www.europesays.com\/forums\/wp-json\/wp\/v2\/posts\/270607","targetHints":{"allow":["GET"]}}],"collection":[{"href":"https:\/\/www.europesays.com\/forums\/wp-json\/wp\/v2\/posts"}],"about":[{"href":"https:\/\/www.europesays.com\/forums\/wp-json\/wp\/v2\/types\/post"}],"author":[{"embeddable":true,"href":"https:\/\/www.europesays.com\/forums\/wp-json\/wp\/v2\/users\/2"}],"replies":[{"embeddable":true,"href":"https:\/\/www.europesays.com\/forums\/wp-json\/wp\/v2\/comments?post=270607"}],"version-history":[{"count":0,"href":"https:\/\/www.europesays.com\/forums\/wp-json\/wp\/v2\/posts\/270607\/revisions"}],"wp:featuredmedia":[{"embeddable":true,"href":"https:\/\/www.europesays.com\/forums\/wp-json\/wp\/v2\/media\/270608"}],"wp:attachment":[{"href":"https:\/\/www.europesays.com\/forums\/wp-json\/wp\/v2\/media?parent=270607"}],"wp:term":[{"taxonomy":"category","embeddable":true,"href":"https:\/\/www.europesays.com\/forums\/wp-json\/wp\/v2\/categories?post=270607"},{"taxonomy":"post_tag","embeddable":true,"href":"https:\/\/www.europesays.com\/forums\/wp-json\/wp\/v2\/tags?post=270607"}],"curies":[{"name":"wp","href":"https:\/\/api.w.org\/{rel}","templated":true}]}}