{"id":270731,"date":"2026-09-03T23:05:12","date_gmt":"2026-09-03T23:05:12","guid":{"rendered":"https:\/\/www.europesays.com\/forums\/270731\/"},"modified":"2026-09-03T23:05:12","modified_gmt":"2026-09-03T23:05:12","slug":"spalionice-otpada-u-hrvatskoj","status":"publish","type":"post","link":"https:\/\/www.europesays.com\/forums\/270731\/","title":{"rendered":"Spalionice otpada u Hrvatskoj?"},"content":{"rendered":"<p><img decoding=\"async\" src=\"https:\/\/www.europesays.com\/forums\/wp-content\/uploads\/2026\/09\/41NYZ-NiLpDSDlxyNJ2WHhf5SeN5rLuc1vZE3Jj9Z7Q.jpeg\" \/><br \/>\n<br \/>\n<!-- SC_OFF --><\/p>\n<div class=\"md\">\n<p>Pozdrav svima. Potaknut nedavnim doga\u0111ajima u Hrvatskoj, \u017eelim uputiti ovo pitanje svima \u2013 bilo da ste za ili protiv. Zanima me za\u0161to su ljudi u Hrvatskoj toliko protiv spalionica otpada.<\/p>\n<p>\u200bPritom ne mislim na spalionice medicinskog otpada zbog kojih su ljudi izlazili na prosvjede jer se nalaze blizu naselja. Ipak, smatram da ni te spalionice ne bi bile toliko \u0161tetne za okoli\u0161 jer se na same dimnjake stavljaju filtri, a uz to se spaljivanjem tog otpada dobivaju toplinska i elektri\u010dna energija. Primjerice, u Austriji i ostalim europskim zemljama to je sasvim normalna praksa, dok je kod nas i dalje uobi\u010dajeno zakopavanje otpada, bio on opasan ili ne.<\/p>\n<p>\u200bManje bi \u0161tetno bilo spaliti taj otpad i iskoristiti ga u neku korisnu svrhu nego pustiti da trune i zaga\u0111uje tlo, vodu i prirodu kojom se toliko di\u010dimo kroz reklame poput <strong>\u201eCroatia Full of Life\u201d<\/strong>.<\/p>\n<p>\u200bUz to, moramo \u010duvati pitku vodu iz slavine, \u010dime se malo tko u svijetu mo\u017ee pohvaliti. Vrijeme je da po\u010dnemo ozbiljno razvrstavati otpad. I molim vas, nabavite pepeljare za automobile i ne bacajte opu\u0161ke(bengalke) po autocesti i ostalim cestama, pogotovo tijekom ljeta kada gori i nebo i zemlja.<\/p>\n<p>I za kraj jedna <a href=\"https:\/\/youtu.be\/Iqm3q_WiCbE?is=NTvCYvpJgeyE73Ta\" rel=\"nofollow noopener\" target=\"_blank\">pjesma. <\/a><\/p>\n<\/div>\n<p><!-- SC_ON --><br \/>\n<br \/>&#8212;<br \/>\nComplex_Personality4<\/p>\n","protected":false},"excerpt":{"rendered":"Pozdrav svima. Potaknut nedavnim doga\u0111ajima u Hrvatskoj, \u017eelim uputiti ovo pitanje svima \u2013 bilo da ste za ili&hellip;\n","protected":false},"author":2,"featured_media":270732,"comment_status":"open","ping_status":"","sticky":false,"template":"","format":"standard","meta":{"footnotes":"","_share_on_mastodon":"0"},"categories":[8],"tags":[71],"class_list":["post-270731","post","type-post","status-publish","format-standard","has-post-thumbnail","category-croatia","tag-croatia"],"share_on_mastodon":{"url":"","error":""},"_links":{"self":[{"href":"https:\/\/www.europesays.com\/forums\/wp-json\/wp\/v2\/posts\/270731","targetHints":{"allow":["GET"]}}],"collection":[{"href":"https:\/\/www.europesays.com\/forums\/wp-json\/wp\/v2\/posts"}],"about":[{"href":"https:\/\/www.europesays.com\/forums\/wp-json\/wp\/v2\/types\/post"}],"author":[{"embeddable":true,"href":"https:\/\/www.europesays.com\/forums\/wp-json\/wp\/v2\/users\/2"}],"replies":[{"embeddable":true,"href":"https:\/\/www.europesays.com\/forums\/wp-json\/wp\/v2\/comments?post=270731"}],"version-history":[{"count":0,"href":"https:\/\/www.europesays.com\/forums\/wp-json\/wp\/v2\/posts\/270731\/revisions"}],"wp:featuredmedia":[{"embeddable":true,"href":"https:\/\/www.europesays.com\/forums\/wp-json\/wp\/v2\/media\/270732"}],"wp:attachment":[{"href":"https:\/\/www.europesays.com\/forums\/wp-json\/wp\/v2\/media?parent=270731"}],"wp:term":[{"taxonomy":"category","embeddable":true,"href":"https:\/\/www.europesays.com\/forums\/wp-json\/wp\/v2\/categories?post=270731"},{"taxonomy":"post_tag","embeddable":true,"href":"https:\/\/www.europesays.com\/forums\/wp-json\/wp\/v2\/tags?post=270731"}],"curies":[{"name":"wp","href":"https:\/\/api.w.org\/{rel}","templated":true}]}}