{"id":100001,"date":"2025-05-14T18:34:08","date_gmt":"2025-05-14T18:34:08","guid":{"rendered":"https:\/\/www.europesays.com\/fr\/100001\/"},"modified":"2025-05-14T18:34:08","modified_gmt":"2025-05-14T18:34:08","slug":"municipales-2026-a-toulouse-sans-tete-de-liste-conclue-a-gauche-archipel-citoyen-a-trouve-son-candidat","status":"publish","type":"post","link":"https:\/\/www.europesays.com\/fr\/100001\/","title":{"rendered":"Municipales 2026 \u00e0 Toulouse. Sans t\u00eate de liste conclue \u00e0 gauche, Archipel Citoyen a trouv\u00e9 son candidat"},"content":{"rendered":"<p>            Par<br \/>\n        <strong><br \/>\n            <a href=\"https:\/\/actu.fr\/auteur\/mareva-laville-actu-fr\" title=\"Consulter tous les articles de Mar\u00e9va Laville\" rel=\"nofollow noopener\" target=\"_blank\">Mar\u00e9va Laville<\/a><br \/>\n        <\/strong><\/p>\n<p>        Publi\u00e9 le<\/p>\n<p>            14 mai 2025 \u00e0 20h16        <\/p>\n<p>La course contre-la-montre des <a href=\"https:\/\/actu.fr\/toulouse\/politique\/elections-municipales\" rel=\"nofollow noopener\" target=\"_blank\">municipales de 2026<\/a> a d\u00e9marr\u00e9 \u00e0 <a href=\"http:\/\/www.actu.fr\/toulouse\" rel=\"nofollow noopener\" target=\"_blank\"><strong>Toulouse<\/strong><\/a>. Et du c\u00f4t\u00e9 d\u2019<strong>Archipel Citoyen<\/strong>, on entend bien prendre le sujet \u00e0 bras-le-corps plus rapidement que lors des <a href=\"https:\/\/actu.fr\/occitanie\/toulouse_31555\/municipales-toulouse-voici-dans-ordre-candidats-liste-archipel-citoyen-antoine-maurice_30263424.html\" rel=\"nofollow noopener\" target=\"_blank\">derni\u00e8res \u00e9lections de 2020.<\/a><\/p>\n<p>Unir la gauche avant l\u2019\u00e9t\u00e9 pour les \u00e9lections municipales de 2026<\/p>\n<p class=\" wall-content\">Objectif\u2009? <strong>Lancer la campagne \u00e9lectorale d\u00e9but septembre\u00a02025,<\/strong> de sorte \u00e0 allonger son temps sur le terrain. Avec toujours la m\u00eame volont\u00e9 d\u2019<strong>unir la gauche toulousaine<\/strong> <strong>avant l\u2019\u00e9t\u00e9.<\/strong><\/p>\n<p class=\" wall-content\">\u00ab\u2009La pression est forte du c\u00f4t\u00e9 des militants de la gauche. Il n\u2019y en a pas un seul qui pense que l\u2019on puisse passer sans union\u2009\u00bb, rappelle <a href=\"https:\/\/actu.fr\/occitanie\/toulouse_31555\/pour-ces-elus-d-opposition-jean-luc-moudenc-reserve-toulouse-aux-plus-aises_61610363.html\" rel=\"nofollow noopener\" target=\"_blank\">Maxime Le Texier, \u00e9lu d\u2019opposition au conseil municipal de Toulouse<\/a> et membre d\u2019Archipel Citoyen.<\/p>\n<p>\u00ab\u2009On a des difficult\u00e9s \u00e0 avoir des discussions avec LFI\u2009\u00bb<\/p>\n<p class=\" wall-content\">Mais \u00e0 ce stade, \u00ab\u2009<strong>aucun accord global n\u2019a \u00e9merg\u00e9\u2009<\/strong>\u00bb, r\u00e9v\u00e8le Lola B\u00e9n\u00e9gui, la porte-parole du groupe. Quelques \u00ab\u2009convergences\u2009\u00bb pour ne pas dire obstacles, entravent le chemin d\u2019une alliance.<\/p>\n<blockquote class=\"ac-article-quote wall-content\">\n<p>On veut r\u00e9ussir \u00e0 avoir tout le monde autour de la table sans pr\u00e9alable. On a plus de difficult\u00e9s \u00e0 avoir des discussions quand la t\u00eate de liste est choisie avant. C&rsquo;est ce qui rend compliqu\u00e9es les discussions avec la France Insoumise.<\/p>\n<p>    <strong>Maxime Le Texier<\/strong><br \/>\n        conseiller municipal adh\u00e9rent \u00e0 Archipel Citoyen    <\/p><\/blockquote>\n<p class=\" wall-content\"><a href=\"https:\/\/actu.fr\/occitanie\/toulouse_31555\/municipales-2026-a-toulouse-archipel-citoyen-veut-creer-une-cooperative-pour-gerer-la-ville_61721782.html\" rel=\"nofollow noopener\" target=\"_blank\">Archipel Citoyen reste toutefois convaincue<\/a>\u2009: \u00ab\u2009Il faut trouver ensemble le meilleur candidat pour battre Jean-Luc Moudenc au premier tour. Et nous, on d\u00e9fend le fait <strong>que la t\u00eate de liste soit d\u00e9sign\u00e9e par un mode repr\u00e9sentatif<\/strong>.\u2009\u00bb M\u00eame id\u00e9e pour le programme qu\u2019Archipel Citoyen souhaite co-construire avec l\u2019ensemble des parties de gauche unies pour prendre les reines du Capitole, \u00e0 savoir <a href=\"https:\/\/actu.fr\/occitanie\/toulouse_31555\/municipales-2026-a-toulouse-francois-piquemal-lfi-propose-la-presidence-de-la-metropole-aux-ecologistes_62486593.html\" rel=\"nofollow noopener\" target=\"_blank\">LFI et son chef de file Fran\u00e7ois Piquemal<\/a>, les <a href=\"https:\/\/actu.fr\/occitanie\/toulouse_31555\/toulouse-les-ecologistes-ont-choisi-leur-chef-de-file-pour-les-municipales-2026_61851341.html\" rel=\"nofollow noopener\" target=\"_blank\">\u00c9cologistes avec R\u00e9gis Godec<\/a>, les <a href=\"https:\/\/actu.fr\/occitanie\/toulouse_31555\/municipales-2026-lfi-renonce-a-gagner-toulouse-les-communistes-se-verraient-bien-mener-la-liste-de-gauche_62271649.html\" rel=\"nofollow noopener\" target=\"_blank\">Communistes avec In\u00e8s Goffre-Pedrosa et Pierre Lacaze<\/a>, <a href=\"https:\/\/actu.fr\/occitanie\/toulouse_31555\/municipales-2026-a-toulouse-je-suis-candidate-a-la-candidature-a-gauche-annonce-isabelle-hardy_60642205.html\" rel=\"nofollow noopener\" target=\"_blank\">G\u00e9n\u00e9ration. s avec Isabelle Hardy,<\/a> et peut-\u00eatre le <a href=\"https:\/\/actu.fr\/occitanie\/toulouse_31555\/municipales-2026-le-prg-nomme-ses-chefs-de-file-pour-une-union-sans-lfi-a-toulouse-et-en-haute-garonne_62422035.html\" rel=\"nofollow noopener\" target=\"_blank\">Parti radical de gauche men\u00e9 par Pierre-Nicolas Bapt.<\/a><\/p>\n<p>Vid\u00e9os : en ce moment sur ActuMaxime Le Texier nomm\u00e9 chef de file<\/p>\n<p class=\" wall-content\">Et dans le cas o\u00f9 cela ne fonctionnerait pas\u2009? \u00ab\u2009On sera pr\u00eats\u2009\u00bb, r\u00e9pondent les<strong> porte-paroles d\u2019Archipel Citoyen, Lola B\u00e9n\u00e9gui et Arnaud Rivi\u00e8re.<\/strong> Plus pr\u00eats encore, Archipel Citoyen assure avoir \u00ab\u2009pris les devants\u2009\u00bb. Ses repr\u00e9sentants flaireraient-ils le mauvais coup\u2009?<\/p>\n<p class=\" wall-content\">Si aucune t\u00eate de liste ne parvient \u00e0 na\u00eetre des discussions, \u00ab\u2009on aura un <strong>candidat \u00e0 la candidature<\/strong> et ce sera <strong>Maxime Le Texier\u2009\u00bb.<\/strong><\/p>\n<p>Un coll\u00e8ge citoyen \u00e0 cr\u00e9er dans les prochains mois<\/p>\n<p class=\" wall-content\">En appui, le parti Archipel Citoyen compte <strong>constituer un coll\u00e8ge citoyen.<\/strong> \u00ab\u2009Ce ne sera pas un outil \u00e9lectoraliste de premier abord, c\u2019est plut\u00f4t un moyen de construire sur le long terme et d\u2019avoir un vivier pour renforcer notre r\u00e9seau militant\u2009\u00bb, explique Maxime Le Texier.<\/p>\n<p class=\" wall-content\">Les forces vives se sont d\u2019ailleurs accrues depuis les derni\u00e8res annonces d\u2019Archipel Citoyen, qui souhaitait cr\u00e9er une coop\u00e9rative constitu\u00e9e d\u2019un coll\u00e8ge citoyen et d\u2019un coll\u00e8ge des parties politiques pour g\u00e9rer la ville. En ce sens, elle a organis\u00e9 quatre r\u00e9unions publiques depuis novembre\u00a02024, r\u00e9unissant 200\u00a0personnes \u00e0 chacune d\u2019entre elles. Et depuis, <strong>le parti est pass\u00e9 d\u2019une soixantaine d\u2019adh\u00e9rents \u00e0 150<\/strong>. \u00ab\u2009\u00c7a r\u00e9pondait manifestement \u00e0 une attente\u2009\u00bb, souligne le porte-parole Arnaud Rivi\u00e8re. \u00ab\u2009Et dans ce contexte-l\u00e0, on est convaincus que<strong> l\u2019union est une n\u00e9cessit\u00e9 en 2026<\/strong>\u2009\u00bb, rench\u00e9rit Lola B\u00e9n\u00e9gui.<\/p>\n<p>Une solution pour \u00ab\u2009les d\u00e9\u00e7us de la politique\u2009\u00bb\u2009?<\/p>\n<p class=\" wall-content\">\u00c0 la fois pour remporter le Capitole, \u00e0 la fois pour appeler les \u00e9lecteurs aux urnes. Lors des pr\u00e9c\u00e9dentes \u00e9lections, ils \u00e9taient en moyenne 59\u2009% \u00e0 s\u2019\u00eatre abstenus. \u00ab\u2009Il faut restaurer la confiance sur le long terme. On va vers des changements drastiques, avec des conditions difficiles, sans argent, et pour \u00e7a, on est oblig\u00e9 d\u2019avoir une acceptabilit\u00e9 sociale\u2009\u00bb, indiquent les deux conseillers municipaux Maxime Le Texier et Caroline Honvault, ainsi que les porte-paroles Arnaud Rivi\u00e8re et Lola B\u00e9n\u00e9gui.<\/p>\n<p class=\" wall-content\">Leur id\u00e9e pour changer le regard de \u00ab\u2009tous <strong>les d\u00e9\u00e7us de la politique<\/strong>\u2009\u00bb et tous ceux qui ne se retrouvaient pas dans leurs pr\u00e9c\u00e9dentes r\u00e9unions\u2009? Aller les chercher directement, <strong>en porte-\u00e0-porte,<\/strong> \u00e0 domicile.<\/p>\n<blockquote class=\"ac-article-quote wall-content\">\n<p>On va cibler les quartiers o\u00f9 la participation \u00e9tait la plus faible lors des derni\u00e8res \u00e9lections via les donn\u00e9es Insee et on va proposer aux gens investis dans leur ville, mais \u00e9loign\u00e9s du champ politique d&rsquo;int\u00e9grer le coll\u00e8ge citoyen.<\/p>\n<p>    <strong>Maxime Le Texier<\/strong><br \/>\n        chef de file d&rsquo;Archipel Citoyen    <\/p><\/blockquote>\n<p class=\" wall-content\">Des petites gens jusqu\u2019aux personnalit\u00e9s associatives luttant pour le lien social, tous les profils sont les bienvenus pour int\u00e9grer, d\u2019ici le mois de septembre, ce <strong>coll\u00e8ge compos\u00e9 de 80 \u00e0 100\u00a0personnes<\/strong>.<\/p>\n<p class=\" wall-content\">\u00ab\u2009A ceux qui le souhaitent, on pourra proposer des phases de mont\u00e9es en comp\u00e9tences, de soutien. On serait content que des profils \u00e9mergent et que certains d\u2019entre eux, peut-\u00eatre, rejoignent la liste commune de la gauche\u2009\u00bb, ajoute Maxime Le Texier. Parce qu\u2019apr\u00e8s tout, la premi\u00e8re \u00e9tape, c\u2019est bien de s\u2019unir.<\/p>\n<p class=\" wall-content\">Suivez toute l\u2019actualit\u00e9 de vos villes et m\u00e9dias favoris en vous inscrivant \u00e0 <a href=\"https:\/\/moncompte.actu.fr\" title=\"D\u00e9couvez Mon Actu\" rel=\"nofollow noopener\" data-trk=\"{&quot;cta&quot;:{&quot;action&quot;:&quot;https:\\\/\\\/moncompte.actu.fr&quot;,&quot;category&quot;:&quot;mon compte&quot;,&quot;from&quot;:&quot;article footer&quot;,&quot;name&quot;:&quot;Mon actu&quot;,&quot;type&quot;:&quot;cta&quot;}}\" target=\"_blank\">Mon Actu<\/a>.<\/p>\n","protected":false},"excerpt":{"rendered":"Par Mar\u00e9va Laville Publi\u00e9 le 14 mai 2025 \u00e0 20h16 La course contre-la-montre des municipales de 2026 a&hellip;\n","protected":false},"author":2,"featured_media":100002,"comment_status":"","ping_status":"","sticky":false,"template":"","format":"standard","meta":{"footnotes":""},"categories":[2816],"tags":[1111,11,1777,674,1011,27,3434,12,2680,25,104,2312],"class_list":{"0":"post-100001","1":"post","2":"type-post","3":"status-publish","4":"format-standard","5":"has-post-thumbnail","7":"category-toulouse","8":"tag-actu","9":"tag-actualites","10":"tag-eu","11":"tag-europe","12":"tag-fr","13":"tag-france","14":"tag-municipales-2026","15":"tag-news","16":"tag-occitanie","17":"tag-republique-francaise","18":"tag-societe","19":"tag-toulouse"},"share_on_mastodon":{"url":"https:\/\/pubeurope.com\/@fr\/114507629505376580","error":""},"_links":{"self":[{"href":"https:\/\/www.europesays.com\/fr\/wp-json\/wp\/v2\/posts\/100001","targetHints":{"allow":["GET"]}}],"collection":[{"href":"https:\/\/www.europesays.com\/fr\/wp-json\/wp\/v2\/posts"}],"about":[{"href":"https:\/\/www.europesays.com\/fr\/wp-json\/wp\/v2\/types\/post"}],"author":[{"embeddable":true,"href":"https:\/\/www.europesays.com\/fr\/wp-json\/wp\/v2\/users\/2"}],"replies":[{"embeddable":true,"href":"https:\/\/www.europesays.com\/fr\/wp-json\/wp\/v2\/comments?post=100001"}],"version-history":[{"count":0,"href":"https:\/\/www.europesays.com\/fr\/wp-json\/wp\/v2\/posts\/100001\/revisions"}],"wp:featuredmedia":[{"embeddable":true,"href":"https:\/\/www.europesays.com\/fr\/wp-json\/wp\/v2\/media\/100002"}],"wp:attachment":[{"href":"https:\/\/www.europesays.com\/fr\/wp-json\/wp\/v2\/media?parent=100001"}],"wp:term":[{"taxonomy":"category","embeddable":true,"href":"https:\/\/www.europesays.com\/fr\/wp-json\/wp\/v2\/categories?post=100001"},{"taxonomy":"post_tag","embeddable":true,"href":"https:\/\/www.europesays.com\/fr\/wp-json\/wp\/v2\/tags?post=100001"}],"curies":[{"name":"wp","href":"https:\/\/api.w.org\/{rel}","templated":true}]}}