{"id":100011,"date":"2025-05-14T18:39:14","date_gmt":"2025-05-14T18:39:14","guid":{"rendered":"https:\/\/www.europesays.com\/fr\/100011\/"},"modified":"2025-05-14T18:39:14","modified_gmt":"2025-05-14T18:39:14","slug":"re-lyon-nous-les-inscriptions-sont-ouvertes","status":"publish","type":"post","link":"https:\/\/www.europesays.com\/fr\/100011\/","title":{"rendered":"Re Lyon Nous : les inscriptions sont ouvertes\u00a0"},"content":{"rendered":"<p>L&rsquo;\u00e9v\u00e9nement \u00ab\u00a0Re Lyon Nous\u00a0\u00bb aura lieu ce dimanche 15 juin, mais les inscriptions sont d\u00e9j\u00e0 ouvertes.<\/p>\n<p>On se pr\u00e9pare d\u00e9j\u00e0 pour \u00ab\u00a0Re Lyon Nous\u00a0\u00bb !<\/p>\n<p>Les inscriptions sont ouvertes pour cette 10e \u00e9dition, qui se d\u00e9roulera le <b>dimanche 15 juin<\/b>, \u00e0 partir de 8h, dans le 9e arrondissement de Lyon.\u00a0<\/p>\n<p><b>Au programme :<\/b> des jeux d\u00e9cal\u00e9s et des d\u00e9fis \u00e0 relever en \u00e9quipe.\u00a0<\/p>\n<p>Deux parcours propos\u00e9s\u00a0<\/p>\n<p>Pour cette \u00e9dition anniversaire, il y aura deux parcours : <b>5 km ou 10 km<\/b>.<\/p>\n<p>L&rsquo;\u00e9v\u00e9nement, organis\u00e9 par la Ville de Lyon, en partenariat avec Radio SCOOP, est gratuit et ouvert \u00e0 tous.<\/p>\n<p>Les inscriptions se font sur le <a class=\"url\" href=\"https:\/\/www.lyon.fr\/evenement\/sport\/re-lyon-nous\" target=\"_blank\" rel=\"noopener\">site officiel de la Ville de Lyon<\/a>. Attention, <b>les places sont limit\u00e9es<\/b>.\u00a0<\/p>\n<p><img loading=\"lazy\" decoding=\"async\" src=\"https:\/\/www.europesays.com\/fr\/wp-content\/uploads\/2025\/05\/1747247954_364_img\" width=\"350\" height=\"200\" border=\"0\" title=\"Re Lyon Nous\"\/><\/p>\n<p>\u25baBons Plans &#8211; Agenda<\/p>\n<p style=\"font-size: 22px;\"><b>Re Lyon Nous<\/b><\/p>\n<p>Rendez-vous dimanche 15 juin 2025, \u00e0 partir de&#8230;<\/p>\n<p><\/p>\n","protected":false},"excerpt":{"rendered":"L&rsquo;\u00e9v\u00e9nement \u00ab\u00a0Re Lyon Nous\u00a0\u00bb aura lieu ce dimanche 15 juin, mais les inscriptions sont d\u00e9j\u00e0 ouvertes. On se&hellip;\n","protected":false},"author":2,"featured_media":100012,"comment_status":"","ping_status":"","sticky":false,"template":"","format":"standard","meta":{"footnotes":""},"categories":[1889],"tags":[1111,11,2430,1777,674,1011,27,21471,2428,12,21470,25],"class_list":{"0":"post-100011","1":"post","2":"type-post","3":"status-publish","4":"format-standard","5":"has-post-thumbnail","7":"category-lyon","8":"tag-actu","9":"tag-actualites","10":"tag-auvergne-rhone-alpes","11":"tag-eu","12":"tag-europe","13":"tag-fr","14":"tag-france","15":"tag-inscriptions","16":"tag-lyon","17":"tag-news","18":"tag-re-lyon-nous","19":"tag-republique-francaise"},"share_on_mastodon":{"url":"https:\/\/pubeurope.com\/@fr\/114507649228051940","error":""},"_links":{"self":[{"href":"https:\/\/www.europesays.com\/fr\/wp-json\/wp\/v2\/posts\/100011","targetHints":{"allow":["GET"]}}],"collection":[{"href":"https:\/\/www.europesays.com\/fr\/wp-json\/wp\/v2\/posts"}],"about":[{"href":"https:\/\/www.europesays.com\/fr\/wp-json\/wp\/v2\/types\/post"}],"author":[{"embeddable":true,"href":"https:\/\/www.europesays.com\/fr\/wp-json\/wp\/v2\/users\/2"}],"replies":[{"embeddable":true,"href":"https:\/\/www.europesays.com\/fr\/wp-json\/wp\/v2\/comments?post=100011"}],"version-history":[{"count":0,"href":"https:\/\/www.europesays.com\/fr\/wp-json\/wp\/v2\/posts\/100011\/revisions"}],"wp:featuredmedia":[{"embeddable":true,"href":"https:\/\/www.europesays.com\/fr\/wp-json\/wp\/v2\/media\/100012"}],"wp:attachment":[{"href":"https:\/\/www.europesays.com\/fr\/wp-json\/wp\/v2\/media?parent=100011"}],"wp:term":[{"taxonomy":"category","embeddable":true,"href":"https:\/\/www.europesays.com\/fr\/wp-json\/wp\/v2\/categories?post=100011"},{"taxonomy":"post_tag","embeddable":true,"href":"https:\/\/www.europesays.com\/fr\/wp-json\/wp\/v2\/tags?post=100011"}],"curies":[{"name":"wp","href":"https:\/\/api.w.org\/{rel}","templated":true}]}}