{"id":100013,"date":"2025-05-14T18:40:12","date_gmt":"2025-05-14T18:40:12","guid":{"rendered":"https:\/\/www.europesays.com\/fr\/100013\/"},"modified":"2025-05-14T18:40:12","modified_gmt":"2025-05-14T18:40:12","slug":"un-quinquagenaire-legerement-blesse-apres-une-chute-sur-les-voies-du-metro-d","status":"publish","type":"post","link":"https:\/\/www.europesays.com\/fr\/100013\/","title":{"rendered":"un quinquag\u00e9naire l\u00e9g\u00e8rement bless\u00e9 apr\u00e8s une chute sur les voies du m\u00e9tro D"},"content":{"rendered":"<p>Un quinquag\u00e9naire l\u00e9g\u00e8rement bless\u00e9 apr\u00e8s une chute sur les voies du m\u00e9tro D &#8211; Lyon Mag<\/p>\n<p itemprop=\"description\"><strong>Plus de peur que de mal ce mercredi dans le m\u00e9tro lyonnais.<\/strong><\/p>\n<p>Un homme d\u2019une cinquantaine d\u2019ann\u00e9es est tomb\u00e9 sur les voies \u00e0 la station Saxe-Gambetta.\u00a0<\/p>\n<p>Cela a provoqu\u00e9 l\u2019arr\u00eat d\u2019urgence de la ligne D. La victime \u00e9t\u00e9 r\u00e9cup\u00e9r\u00e9e par les pompiers et n\u2019a \u00e9t\u00e9 que l\u00e9g\u00e8rement bless\u00e9e. Le trafic a pu reprendre normalement en d\u00e9but d\u2019apr\u00e8s-midi.<\/p>\n","protected":false},"excerpt":{"rendered":"Un quinquag\u00e9naire l\u00e9g\u00e8rement bless\u00e9 apr\u00e8s une chute sur les voies du m\u00e9tro D &#8211; Lyon Mag Plus de&hellip;\n","protected":false},"author":2,"featured_media":100014,"comment_status":"","ping_status":"","sticky":false,"template":"","format":"standard","meta":{"footnotes":""},"categories":[1889],"tags":[1111,11,2813,2190,2430,1109,251,1112,2811,1777,674,118,1011,27,1922,1110,1114,2428,2810,12,241,316,25,2812,517,800],"class_list":{"0":"post-100013","1":"post","2":"type-post","3":"status-publish","4":"format-standard","5":"has-post-thumbnail","7":"category-lyon","8":"tag-actu","9":"tag-actualites","10":"tag-article","11":"tag-asvel","12":"tag-auvergne-rhone-alpes","13":"tag-breves","14":"tag-culture","15":"tag-depeches","16":"tag-economique","17":"tag-eu","18":"tag-europe","19":"tag-faits-divers","20":"tag-fr","21":"tag-france","22":"tag-info","23":"tag-informations","24":"tag-infos","25":"tag-lyon","26":"tag-lyonmag","27":"tag-news","28":"tag-ol","29":"tag-politique","30":"tag-republique-francaise","31":"tag-sociale","32":"tag-sport","33":"tag-transports"},"share_on_mastodon":{"url":"https:\/\/pubeurope.com\/@fr\/114507652981860635","error":""},"_links":{"self":[{"href":"https:\/\/www.europesays.com\/fr\/wp-json\/wp\/v2\/posts\/100013","targetHints":{"allow":["GET"]}}],"collection":[{"href":"https:\/\/www.europesays.com\/fr\/wp-json\/wp\/v2\/posts"}],"about":[{"href":"https:\/\/www.europesays.com\/fr\/wp-json\/wp\/v2\/types\/post"}],"author":[{"embeddable":true,"href":"https:\/\/www.europesays.com\/fr\/wp-json\/wp\/v2\/users\/2"}],"replies":[{"embeddable":true,"href":"https:\/\/www.europesays.com\/fr\/wp-json\/wp\/v2\/comments?post=100013"}],"version-history":[{"count":0,"href":"https:\/\/www.europesays.com\/fr\/wp-json\/wp\/v2\/posts\/100013\/revisions"}],"wp:featuredmedia":[{"embeddable":true,"href":"https:\/\/www.europesays.com\/fr\/wp-json\/wp\/v2\/media\/100014"}],"wp:attachment":[{"href":"https:\/\/www.europesays.com\/fr\/wp-json\/wp\/v2\/media?parent=100013"}],"wp:term":[{"taxonomy":"category","embeddable":true,"href":"https:\/\/www.europesays.com\/fr\/wp-json\/wp\/v2\/categories?post=100013"},{"taxonomy":"post_tag","embeddable":true,"href":"https:\/\/www.europesays.com\/fr\/wp-json\/wp\/v2\/tags?post=100013"}],"curies":[{"name":"wp","href":"https:\/\/api.w.org\/{rel}","templated":true}]}}