{"id":100023,"date":"2025-05-14T18:46:13","date_gmt":"2025-05-14T18:46:13","guid":{"rendered":"https:\/\/www.europesays.com\/fr\/100023\/"},"modified":"2025-05-14T18:46:13","modified_gmt":"2025-05-14T18:46:13","slug":"the-independents-sagrandit-avec-terminal-9-studios","status":"publish","type":"post","link":"https:\/\/www.europesays.com\/fr\/100023\/","title":{"rendered":"The Independents s&rsquo;agrandit avec Terminal 9 Studios"},"content":{"rendered":"<p class=\"article-content col-md-8 offset-md-1\">\n                                Rien ne semble arr\u00eater la boulimie de The Independents. Moins d\u2019un mois apr\u00e8s avoir acquis le studio de design new-yorkais 2&#215;4, le g\u00e9ant sp\u00e9cialis\u00e9 dans la communication et l&rsquo;\u00e9v\u00e9nementiel dans les secteurs de la mode, luxe, art et lifestyle initi\u00e9 en 2017 par Karla Otto et K2, annonce une nouvelle op\u00e9ration. Il s\u2019empare cette fois d\u2019une soci\u00e9t\u00e9 de production t\u00e9l\u00e9visuelle, Terminal 9 Studios, fond\u00e9e \u00e0 Paris en 2013 par Claude Lacaze, pass\u00e9 notamment par France T\u00e9l\u00e9vision et Endemol France.<img decoding=\"async\" class=\"news-image\" style=\"width:100%;\" src=\"https:\/\/www.europesays.com\/fr\/wp-content\/uploads\/2025\/05\/1710.jpg\" alt=\"De gauche \u00e0 droite, le COO Matthieu Duplan, le DG Claude Lacaze et le DA Matthieu Menu de Terminal 9 Studios\" loading=\"lazy\"\/>De gauche \ufffd droite, le COO Matthieu Duplan, le DG Claude Lacaze et le DA Matthieu Menu de Terminal 9 Studios &#8211; ph Florent SchmidtLes d\u00e9tails financiers n\u2019ont pas \u00e9t\u00e9 divulgu\u00e9s, mais cette acquisition est d\u00e9finie par la fondatrice et directrice g\u00e9n\u00e9rale de The Independents, Isabelle Chouvet, comme \u00ab\u00a0une \u00e9tape strat\u00e9gique importante\u00a0\u00bb, car elle permet d\u2019ajouter \u00ab\u00a0la production de documentaires en format long \u00e0 nos comp\u00e9tences pour les marques de luxe et lifestyle\u00a0\u00bb.\n                            <\/p>\n<p>\n                                Tous droits de reproduction et de repr\u00e9sentation r\u00e9serv\u00e9s.<br \/>\u00a9 2025 FashionNetwork.com\n                            <\/p>\n","protected":false},"excerpt":{"rendered":"Rien ne semble arr\u00eater la boulimie de The Independents. Moins d\u2019un mois apr\u00e8s avoir acquis le studio de&hellip;\n","protected":false},"author":2,"featured_media":100024,"comment_status":"","ping_status":"","sticky":false,"template":"","format":"standard","meta":{"footnotes":""},"categories":[1888],"tags":[11,2424,21474,537,2423,21472,1777,674,1011,27,21476,21475,2425,985,12,2298,626,2426,2427,25,2421,21477,2422,21473],"class_list":{"0":"post-100023","1":"post","2":"type-post","3":"status-publish","4":"format-standard","5":"has-post-thumbnail","7":"category-paris","8":"tag-actualites","9":"tag-beaute","10":"tag-bulgari","11":"tag-contact","12":"tag-cosmetiques","13":"tag-dior","14":"tag-eu","15":"tag-europe","16":"tag-fr","17":"tag-france","18":"tag-k2","19":"tag-karla-otto","20":"tag-luxe","21":"tag-mode","22":"tag-news","23":"tag-parfum","24":"tag-paris","25":"tag-professionnel","26":"tag-professionnels","27":"tag-republique-francaise","28":"tag-reseau","29":"tag-tencent","30":"tag-textile","31":"tag-thierry-mugler"},"share_on_mastodon":{"url":"https:\/\/pubeurope.com\/@fr\/114507676633232621","error":""},"_links":{"self":[{"href":"https:\/\/www.europesays.com\/fr\/wp-json\/wp\/v2\/posts\/100023","targetHints":{"allow":["GET"]}}],"collection":[{"href":"https:\/\/www.europesays.com\/fr\/wp-json\/wp\/v2\/posts"}],"about":[{"href":"https:\/\/www.europesays.com\/fr\/wp-json\/wp\/v2\/types\/post"}],"author":[{"embeddable":true,"href":"https:\/\/www.europesays.com\/fr\/wp-json\/wp\/v2\/users\/2"}],"replies":[{"embeddable":true,"href":"https:\/\/www.europesays.com\/fr\/wp-json\/wp\/v2\/comments?post=100023"}],"version-history":[{"count":0,"href":"https:\/\/www.europesays.com\/fr\/wp-json\/wp\/v2\/posts\/100023\/revisions"}],"wp:featuredmedia":[{"embeddable":true,"href":"https:\/\/www.europesays.com\/fr\/wp-json\/wp\/v2\/media\/100024"}],"wp:attachment":[{"href":"https:\/\/www.europesays.com\/fr\/wp-json\/wp\/v2\/media?parent=100023"}],"wp:term":[{"taxonomy":"category","embeddable":true,"href":"https:\/\/www.europesays.com\/fr\/wp-json\/wp\/v2\/categories?post=100023"},{"taxonomy":"post_tag","embeddable":true,"href":"https:\/\/www.europesays.com\/fr\/wp-json\/wp\/v2\/tags?post=100023"}],"curies":[{"name":"wp","href":"https:\/\/api.w.org\/{rel}","templated":true}]}}