{"id":100027,"date":"2025-05-14T18:48:17","date_gmt":"2025-05-14T18:48:17","guid":{"rendered":"https:\/\/www.europesays.com\/fr\/100027\/"},"modified":"2025-05-14T18:48:17","modified_gmt":"2025-05-14T18:48:17","slug":"a-kherson-la-vie-sous-la-menace-incessante-des-drones-tueurs-le-recit-de-lenvoye-special-du-figaro-le-figaro","status":"publish","type":"post","link":"https:\/\/www.europesays.com\/fr\/100027\/","title":{"rendered":"\u00c0 Kherson, la vie sous la menace incessante des drones tueurs : le r\u00e9cit de l&#039;envoy\u00e9 sp\u00e9cial du Figaro &#8211; Le Figaro"},"content":{"rendered":"<ol>\n<li><a href=\"https:\/\/news.google.com\/rss\/articles\/CBMi3wFBVV95cUxOdXczT1lVNHZxQ05xT1diYXo5WF9SV3J4U2JtMWNPWG1qY3hiS2Myd3hsVE5BVzZIQ1BKakt0cjNXMzJlWVpiOFFxNTBNSV8wZXFnN19Qek85czVWbHhlMmY5U2pPWURCN2RQMEVSbVlTWHlTTnB2NjdYYWp2bjE4ZGtHU0RxcHl4NEJIa3dHM0xicVNrbEtWS25UVWoyUllxdXpUMlBFYU5VVGp3bDRkWFNEWnZYd1JJWTlJYko0QklaQzRPdUNVUDdBOFp2Q2lYOGNURC1yU1JZbWticXFj?oc=5\" target=\"_blank\" rel=\"nofollow noopener\">\u00c0 Kherson, la vie sous la menace incessante des drones tueurs : le r\u00e9cit de l&rsquo;envoy\u00e9 sp\u00e9cial du Figaro<\/a>&nbsp;&nbsp;Le Figaro<\/li>\n<li><a href=\"https:\/\/news.google.com\/rss\/articles\/CBMijwJBVV95cUxNaGVDUU1xdkxMbE5zVU1fOE1pa2xYbmxhS1cxVU55aDBIUDlPdEp1NDNLbVNaOVl5VGh5aWM5cmtlSTF1YzNhNVRIRnVGaUFwbjBZU2FTVW8tSXBIRVdnZ1pXVUF0QnNTNUFaaWlpZk1obVVoenN6ZHl6YmlteDZSeEw4bE9DZ0ZOOTBfRENQYmxFeUlxZUxYdnVwTnUwNEFwQjlPSzI5bjdBTlZtS3JxX2RHY2hSMmg5bkdyMUdVVjV4aXozQkwtWWZZak5BbG04dUlkZ2tuSFdWRW9XNDhWTHRMS1RxWUxLTFFpM0xJMnhjRkhRWWtXWEpENERRa0I0cDNoZ3VOWXRHXzBxdkNv?oc=5\" target=\"_blank\" rel=\"nofollow noopener\">Guerre en Ukraine : pour la premi\u00e8re fois, le redoutable nouveau missile de croisi\u00e8re russe S8000 Banderol captur\u00e9 par les Ukrainiens<\/a>&nbsp;&nbsp;L&rsquo;Ind\u00e9pendant<\/li>\n<li><a href=\"https:\/\/news.google.com\/rss\/articles\/CBMiyAJBVV95cUxPQTJ1MzBncm1mQTU5T0h2aGRrcHhabDdFZ1BrTzJISkJkMG1fcGFoX2d1dzRGWl9vMWROZEFjbkh2ZTVuc2JoOTlDa3JIaVlNMkJaZndXSkd2NXMxRzFfOEdiaXlHZjlOUWFfN0Q5cW9oNFlyRjRZNmZVanBZdVlDRllOcjNJUTMwRkppcGZ4V1AwSWQteEJKU0NKTWxTbUZ2Si0xdVNKcVJIbmNDLW5kSGdXYm9CMVJmSnVmeXVFV2lWSHN5d0dpYUk4ckpDZGdUZVlYTTNreTlFcGstMnBQZzBSOXZRcDdPTlJpb2M2UHRJSGRvck11NFFrNGRtQ0loTS02SmJhYk5qVjUzZ3NFSWdMYWYtbGd6WFdWMmZNMWI0c2RjSEtES1FhYzRFdFpsckNRTFQ4Sk83aHhla2E5RllaWmJGVVkw?oc=5\" target=\"_blank\" rel=\"nofollow noopener\">Ukraine: Kiev d\u00e9nonce 108 attaques de drone sur le front alors que les alli\u00e9s europ\u00e9ens appelaient \u00e0 un arr\u00eat des combats \u00e0 partir d&rsquo;aujourd&rsquo;hui<\/a>&nbsp;&nbsp;BFMTV<\/li>\n<li><a href=\"https:\/\/news.google.com\/rss\/articles\/CBMijwJBVV95cUxQQVVTYk9jOUhvTGxGc2VLSnltYS1oOElIaldrM0gtZVVYQVl3Y3d2cU5vWjVZVkRmYWpqQ3NMaVpoUXRVdG5vak5DZlQyYV9IdlVJcFV4dVk3b2l0UWM4d3VyelVFVG9pc05YMzl6YTh4cDg2d01zUGdhdGZDMTh2dVZQbGRmUnFIWkcydkFrbkxqUDlNRnlIVkJHNVlaVUtwQmpoYnJUbG1tc0ZyU00zYV91OFdPYzJHUS1MUV9fa3NBX3FSdmxBVUhQQXNjcElEaTVVQ0M4UXIwY05MVVBXeldrUmx2cDVDSGJLaW9mX21vbXo2eTdOeWdnQXM1N3pnaExoWlZmYnE0al95Q3pZ?oc=5\" target=\"_blank\" rel=\"nofollow noopener\">Guerre en Ukraine : c\u2019est quoi le S8000 Banderol, ce \u00ab mini-missile \u00bb russe cens\u00e9 d\u00e9jouer la d\u00e9fense de Kiev<\/a>&nbsp;&nbsp;Le Parisien<\/li>\n<li><a href=\"https:\/\/news.google.com\/rss\/articles\/CBMi9wFBVV95cUxQcTBKcXdNZlZfTnZKa2doMmVXQmdSSEFkRDBOM2VuSmdEMHZzT1VGYzFYSkpRaThZTVNlaVVTQzJaNHpRdkVrREQzN2R6X1ZiaDRGVG81TlM3QS1yNlRSLVR6aHA4V1ZLSHNyZ1I3SEdZZVZqb05wbndody1ScTFKTmtCU3dkRW9pVW5aNjFOblM2bGhxVXJEQmhNaTdVZmVGNFRYSHV0aXphTTVjVHh3MWtLdU5jN2NLR1dnNS1NTmhXdy1SVkIwR2FVOU1ZY2gxclN3aTJ2Z3FnaGhlN1VMVHI3bVRld3VQczF3clZwakptbFdtZkMw?oc=5\" target=\"_blank\" rel=\"nofollow noopener\">Guerre en Ukraine : \u00ab\u00a0Nouvelle \u00e8re du char prudent\u00a0\u00bb, comment l\u2019arm\u00e9e de Zelensky prot\u00e8ge ses canons face aux drones russes<\/a>&nbsp;&nbsp;Midi Libre<\/li>\n<\/ol>\n","protected":false},"excerpt":{"rendered":"\u00c0 Kherson, la vie sous la menace incessante des drones tueurs : le r\u00e9cit de l&rsquo;envoy\u00e9 sp\u00e9cial du&hellip;\n","protected":false},"author":2,"featured_media":100028,"comment_status":"","ping_status":"","sticky":false,"template":"","format":"standard","meta":{"footnotes":""},"categories":[1591],"tags":[259,11,260,564,1887,14,261,12,262,1885,1886,132,220],"class_list":{"0":"post-100027","1":"post","2":"type-post","3":"status-publish","4":"format-standard","5":"has-post-thumbnail","7":"category-russie","8":"tag-actualite-internationale","9":"tag-actualites","10":"tag-affaires-etrangeres","11":"tag-drone","12":"tag-federation-de-russie","13":"tag-international","14":"tag-ministere-des-affaires-etrangeres","15":"tag-news","16":"tag-politique-etrangere","17":"tag-russia","18":"tag-russian-federation","19":"tag-russie","20":"tag-ukraine"},"share_on_mastodon":{"url":"https:\/\/pubeurope.com\/@fr\/114507684482538549","error":""},"_links":{"self":[{"href":"https:\/\/www.europesays.com\/fr\/wp-json\/wp\/v2\/posts\/100027","targetHints":{"allow":["GET"]}}],"collection":[{"href":"https:\/\/www.europesays.com\/fr\/wp-json\/wp\/v2\/posts"}],"about":[{"href":"https:\/\/www.europesays.com\/fr\/wp-json\/wp\/v2\/types\/post"}],"author":[{"embeddable":true,"href":"https:\/\/www.europesays.com\/fr\/wp-json\/wp\/v2\/users\/2"}],"replies":[{"embeddable":true,"href":"https:\/\/www.europesays.com\/fr\/wp-json\/wp\/v2\/comments?post=100027"}],"version-history":[{"count":0,"href":"https:\/\/www.europesays.com\/fr\/wp-json\/wp\/v2\/posts\/100027\/revisions"}],"wp:featuredmedia":[{"embeddable":true,"href":"https:\/\/www.europesays.com\/fr\/wp-json\/wp\/v2\/media\/100028"}],"wp:attachment":[{"href":"https:\/\/www.europesays.com\/fr\/wp-json\/wp\/v2\/media?parent=100027"}],"wp:term":[{"taxonomy":"category","embeddable":true,"href":"https:\/\/www.europesays.com\/fr\/wp-json\/wp\/v2\/categories?post=100027"},{"taxonomy":"post_tag","embeddable":true,"href":"https:\/\/www.europesays.com\/fr\/wp-json\/wp\/v2\/tags?post=100027"}],"curies":[{"name":"wp","href":"https:\/\/api.w.org\/{rel}","templated":true}]}}