{"id":100035,"date":"2025-05-14T18:52:11","date_gmt":"2025-05-14T18:52:11","guid":{"rendered":"https:\/\/www.europesays.com\/fr\/100035\/"},"modified":"2025-05-14T18:52:11","modified_gmt":"2025-05-14T18:52:11","slug":"allemagne-la-chancelier-friedrich-merz-veut-doter-le-pays-de-larmee-la-plus-puissante-deurope","status":"publish","type":"post","link":"https:\/\/www.europesays.com\/fr\/100035\/","title":{"rendered":"Allemagne. La chancelier Friedrich Merz veut doter le pays de \u00ab\u00a0l\u2019arm\u00e9e la plus puissante d\u2019Europe\u00a0\u00bb"},"content":{"rendered":"<p>Son discours de politique g\u00e9n\u00e9rale \u00e9tait tr\u00e8s attendu. L\u2019Allemagne \u00ab peut redevenir une locomotive \u00e9conomique que le monde admire \u00bb, a assur\u00e9 ce mercredi <a href=\"https:\/\/www.vosgesmatin.fr\/p\/friedrich-merz\" target=\"_blank\" rel=\"nofollow noopener\">Friedrich Merz<\/a>. Le chancelier, <a href=\"https:\/\/www.vosgesmatin.fr\/politique\/2025\/05\/06\/friedrich-merz-elu-chancelier-dans-la-douleur-que-s-est-il-passe\" target=\"_blank\" rel=\"nofollow noopener\">\u00e9lu dans la douleur le 6 mai<\/a>, s\u2019est dit d\u00e9termin\u00e9 \u00e0 \u00ab tout faire \u00bb pour retrouver \u00ab le chemin de la croissance \u00bb dans un pays toujours plus englu\u00e9 dans la crise. \u00ab Nous n\u2019avons jamais connu une p\u00e9riode aussi longue sans croissance \u00e9conomique dans l\u2019histoire de notre pays \u00bb, a conc\u00e9d\u00e9 le chancelier conservateur, promettant des baisses d\u2019imp\u00f4ts, du prix de l\u2019\u00e9nergie et des co\u00fbts de la bureaucratie pour les entreprises.<\/p>\n<p>Le chef de la coalition constitu\u00e9e entre conservateurs et sociaux-d\u00e9mocrates veut aussi investir dans les infrastructures d\u00e9grad\u00e9es du pays, notamment via un fonds public in\u00e9dit de 500 milliards d\u2019euros. Friedrich Merz a r\u00e9p\u00e9t\u00e9 qu\u2019il voulait \u00ab r\u00e9gler rapidement \u00bb les diff\u00e9rends avec le pr\u00e9sident am\u00e9ricain <a href=\"https:\/\/www.vosgesmatin.fr\/p\/donald-trump\" target=\"_blank\" rel=\"nofollow noopener\">Donald Trump<\/a> et la question des droits de douane, menace existentielle pour l\u2019Allemagne. En parall\u00e8le, le conservateur allemand souhaite que l\u2019UE conclue \u00ab autant de nouveaux accords commerciaux que possible \u00bb et ratifie rapidement l\u2019accord de libre-\u00e9change avec les pays du Mercosur.<\/p>\n<p>  Faire face \u00e0 la menace russe<\/p>\n<p>C\u00f4t\u00e9 relations internationales, outre son appel \u00e0 \u00ab toutes les parties concern\u00e9es \u00bb \u00e0 <a href=\"https:\/\/www.vosgesmatin.fr\/defense-guerre-conflit\/2025\/05\/14\/de-pire-en-pire-de-plus-en-plus-de-voix-s-elevent-pour-denoncer-la-situation-humanitaire\" target=\"_blank\" rel=\"nofollow noopener\">\u00e9viter au plus vite une \u00ab famine \u00bb \u00e0 Gaza<\/a>, o\u00f9 Isra\u00ebl bloque depuis le 2 mars l\u2019entr\u00e9e de toute aide humanitaire, le chancelier a aussi exhort\u00e9 Europ\u00e9ens et Am\u00e9ricains \u00e0 refuser une \u00ab paix dict\u00e9e \u00bb par la Russie \u00e0 l\u2019Ukraine.<\/p>\n<p>Face \u00e0 la menace russe sur le continent europ\u00e9en, Friedrich Merz juge ainsi primordial de doter l\u2019Allemagne de \u00ab l\u2019arm\u00e9e conventionnelle la plus puissante d\u2019Europe \u00bb gr\u00e2ce notamment aux centaines de milliards d\u2019euros d\u2019investissement d\u00e9bloqu\u00e9s par son gouvernement. Le renforcement de la Bundeswehr, longtemps sous-financ\u00e9e, est \u00ab notre priorit\u00e9 absolue \u00bb, a d\u00e9clar\u00e9 le dirigeant allemand soulignant que \u00ab c\u2019est ce qu\u2019attend le pays le plus peupl\u00e9 et le plus puissant d\u2019Europe. Nos amis et partenaires l\u2019attendent \u00e9galement \u00bb.<\/p>\n","protected":false},"excerpt":{"rendered":"Son discours de politique g\u00e9n\u00e9rale \u00e9tait tr\u00e8s attendu. L\u2019Allemagne \u00ab peut redevenir une locomotive \u00e9conomique que le monde&hellip;\n","protected":false},"author":2,"featured_media":100036,"comment_status":"","ping_status":"","sticky":false,"template":"","format":"standard","meta":{"footnotes":""},"categories":[1587],"tags":[11,672,1804,1805,3206,1803,1777,674,107,329,1801,12,316,1802],"class_list":{"0":"post-100035","1":"post","2":"type-post","3":"status-publish","4":"format-standard","5":"has-post-thumbnail","7":"category-allemagne","8":"tag-actualites","9":"tag-allemagne","10":"tag-bundesrepublik-deutschland","11":"tag-de","12":"tag-defense-guerre-conflit","13":"tag-deutschland","14":"tag-eu","15":"tag-europe","16":"tag-fil-info","17":"tag-france-monde","18":"tag-germany","19":"tag-news","20":"tag-politique","21":"tag-republique-federale-dallemagne"},"share_on_mastodon":{"url":"https:\/\/pubeurope.com\/@fr\/114507700228122789","error":""},"_links":{"self":[{"href":"https:\/\/www.europesays.com\/fr\/wp-json\/wp\/v2\/posts\/100035","targetHints":{"allow":["GET"]}}],"collection":[{"href":"https:\/\/www.europesays.com\/fr\/wp-json\/wp\/v2\/posts"}],"about":[{"href":"https:\/\/www.europesays.com\/fr\/wp-json\/wp\/v2\/types\/post"}],"author":[{"embeddable":true,"href":"https:\/\/www.europesays.com\/fr\/wp-json\/wp\/v2\/users\/2"}],"replies":[{"embeddable":true,"href":"https:\/\/www.europesays.com\/fr\/wp-json\/wp\/v2\/comments?post=100035"}],"version-history":[{"count":0,"href":"https:\/\/www.europesays.com\/fr\/wp-json\/wp\/v2\/posts\/100035\/revisions"}],"wp:featuredmedia":[{"embeddable":true,"href":"https:\/\/www.europesays.com\/fr\/wp-json\/wp\/v2\/media\/100036"}],"wp:attachment":[{"href":"https:\/\/www.europesays.com\/fr\/wp-json\/wp\/v2\/media?parent=100035"}],"wp:term":[{"taxonomy":"category","embeddable":true,"href":"https:\/\/www.europesays.com\/fr\/wp-json\/wp\/v2\/categories?post=100035"},{"taxonomy":"post_tag","embeddable":true,"href":"https:\/\/www.europesays.com\/fr\/wp-json\/wp\/v2\/tags?post=100035"}],"curies":[{"name":"wp","href":"https:\/\/api.w.org\/{rel}","templated":true}]}}