{"id":1000365,"date":"2026-06-14T21:48:18","date_gmt":"2026-06-14T21:48:18","guid":{"rendered":"https:\/\/www.europesays.com\/fr\/1000365\/"},"modified":"2026-06-14T21:48:18","modified_gmt":"2026-06-14T21:48:18","slug":"video-7-1-encore-une-fois-lallemagne-repete-le-scenario-du-bresil-et-curacao-entre-dans-lhistoire","status":"publish","type":"post","link":"https:\/\/www.europesays.com\/fr\/1000365\/","title":{"rendered":"Vid\u00e9o | 7-1, encore une fois : l&rsquo;Allemagne r\u00e9p\u00e8te le sc\u00e9nario du Br\u00e9sil&#8230; et Cura\u00e7ao entre dans l&rsquo;histoire"},"content":{"rendered":"<p>Dimanche soir, au stade NRG, l\u2019\u00e9quipe d\u2019Allemagne a domin\u00e9 Cura\u00e7ao 7-1 lors de la premi\u00e8re journ\u00e9e du groupe E de la Coupe du monde 2026, organis\u00e9e aux \u00c9tats-Unis, au Canada et au Mexique.\n<\/p>\n<p>Les Allemands d\u00e9crochent ainsi leurs trois premiers points, tandis que Cura\u00e7ao reste \u00e0 z\u00e9ro unit\u00e9 dans ce groupe 5 o\u00f9 figurent aussi l\u2019\u00c9quateur et la C\u00f4te d\u2019Ivoire.\n<\/p>\n<p>Julian Nagelsmann a align\u00e9 le onze suivant : Manuel Neuer, Joshua Kimmich, Jonathan Tah, Nico Schlotterbeck, Nathaniel Braun, Felix Nmecha, Alexander Pavlovic, Jamal Musiala, Leroy San\u00e9, Kai Havertz et Florian Wirtz.\n<\/p>\n<p>Quant au N\u00e9erlandais Dick Advocaat, le s\u00e9lectionneur de Cura\u00e7ao, il a align\u00e9 le onze suivant : Eloy Room, Cheryl Floranos, Armando Obispo, Ritchaldi Bazouwer, Deveron Nieme, Tahit Chong, Levano Comenencia, Leandro Bacuna, Juninho Bacuna, Jorgen Lukadia et Sonthe Hansen.<\/p>\n","protected":false},"excerpt":{"rendered":"Dimanche soir, au stade NRG, l\u2019\u00e9quipe d\u2019Allemagne a domin\u00e9 Cura\u00e7ao 7-1 lors de la premi\u00e8re journ\u00e9e du groupe&hellip;\n","protected":false},"author":2,"featured_media":1000149,"comment_status":"","ping_status":"","sticky":false,"template":"","format":"standard","meta":{"footnotes":"","_share_on_mastodon":"0"},"categories":[1587],"tags":[11,672,1804,98562,104905,1805,1803,1777,674,104907,1801,98887,89706,103429,104906,99105,104908,12,1802],"class_list":["post-1000365","post","type-post","status-publish","format-standard","has-post-thumbnail","category-allemagne","tag-actualites","tag-allemagne","tag-bundesrepublik-deutschland","tag-curacao","tag-d-advocaat","tag-de","tag-deutschland","tag-eu","tag-europe","tag-f-nmecha","tag-germany","tag-j-musiala","tag-j-nagelsmann","tag-k-havertz","tag-l-comenencia","tag-m-neuer","tag-n-schlotterbeck","tag-news","tag-republique-federale-dallemagne"],"share_on_mastodon":{"url":"https:\/\/pubeurope.com\/@fr\/116750667521963790","error":""},"_links":{"self":[{"href":"https:\/\/www.europesays.com\/fr\/wp-json\/wp\/v2\/posts\/1000365","targetHints":{"allow":["GET"]}}],"collection":[{"href":"https:\/\/www.europesays.com\/fr\/wp-json\/wp\/v2\/posts"}],"about":[{"href":"https:\/\/www.europesays.com\/fr\/wp-json\/wp\/v2\/types\/post"}],"author":[{"embeddable":true,"href":"https:\/\/www.europesays.com\/fr\/wp-json\/wp\/v2\/users\/2"}],"replies":[{"embeddable":true,"href":"https:\/\/www.europesays.com\/fr\/wp-json\/wp\/v2\/comments?post=1000365"}],"version-history":[{"count":0,"href":"https:\/\/www.europesays.com\/fr\/wp-json\/wp\/v2\/posts\/1000365\/revisions"}],"wp:featuredmedia":[{"embeddable":true,"href":"https:\/\/www.europesays.com\/fr\/wp-json\/wp\/v2\/media\/1000149"}],"wp:attachment":[{"href":"https:\/\/www.europesays.com\/fr\/wp-json\/wp\/v2\/media?parent=1000365"}],"wp:term":[{"taxonomy":"category","embeddable":true,"href":"https:\/\/www.europesays.com\/fr\/wp-json\/wp\/v2\/categories?post=1000365"},{"taxonomy":"post_tag","embeddable":true,"href":"https:\/\/www.europesays.com\/fr\/wp-json\/wp\/v2\/tags?post=1000365"}],"curies":[{"name":"wp","href":"https:\/\/api.w.org\/{rel}","templated":true}]}}