{"id":100039,"date":"2025-05-14T18:54:20","date_gmt":"2025-05-14T18:54:20","guid":{"rendered":"https:\/\/www.europesays.com\/fr\/100039\/"},"modified":"2025-05-14T18:54:20","modified_gmt":"2025-05-14T18:54:20","slug":"von-der-leyen-felicite-rama-pour-sa-reelection","status":"publish","type":"post","link":"https:\/\/www.europesays.com\/fr\/100039\/","title":{"rendered":"von der Leyen f\u00e9licite Rama pour sa r\u00e9\u00e9lection"},"content":{"rendered":"<p>\u00abLa France sera toujours aux c\u00f4t\u00e9s de l\u2019Albanie sur son chemin europ\u00e9en\u00bb, a salu\u00e9 le pr\u00e9sident Emmanuel Macron, apr\u00e8s la r\u00e9\u00e9lection du pr\u00e9sident sortant pour un quatri\u00e8me mandat in\u00e9dit \u00e0 la t\u00eate du pays.<\/p>\n<p class=\"fig-paragraph\">\u00abL\u2019Albanie a sa place dans l\u2019UE!\u00bb, s\u2019est r\u00e9jouie\u00a0<a href=\"http:\/\/www.lefigaro.fr\/vox\/monde\/defense-europeenne-ursula-von-der-leyen-restez-a-votre-place-20250305\" target=\"_blank\" data-fig-type=\"Article\" rel=\"noopener nofollow\" data-gtm-custom-categorie=\"navigation\" data-gtm-custom-action=\"crossclick\" data-gtm-custom-label=\"Contextuel\" data-gtm-event=\"customEventSPE\" data-fig-domain=\"LEFIGARO\">Ursula von\u00a0der\u00a0Leyen<\/a>. La pr\u00e9sidente de la Commission europ\u00e9enne a f\u00e9licit\u00e9 ce mercredi le premier ministre albanais Edi Rama pour sa r\u00e9\u00e9lection. \u00abSous votre leadership, l&rsquo;Albanie a fait de grands progr\u00e8s vers notre Union\u00bb, a-t-elle assur\u00e9 sur X, le pays \u00e9tant candidat \u00e0 une adh\u00e9sion \u00e0 l&rsquo;Union Europ\u00e9enne. \u00abLa France sera toujours aux c\u00f4t\u00e9s de l&rsquo;Albanie sur son chemin europ\u00e9en\u00bb, a salu\u00e9 le pr\u00e9sident Emmanuel Macron.<\/p>\n<p>Test de maturit\u00e9 d\u00e9mocratique<\/p>\n<p class=\"fig-paragraph\">Le premier ministre socialiste sortant<a href=\"http:\/\/www.lefigaro.fr\/international\/albanie-large-victoire-pour-le-camp-du-premier-ministre-edi-rama-aux-legislatives-20250514\" target=\"_blank\" data-fig-type=\"NewsFlash\" rel=\"noopener nofollow\" data-gtm-custom-categorie=\"navigation\" data-gtm-custom-action=\"crossclick\" data-gtm-custom-label=\"Contextuel\" data-gtm-event=\"customEventSPE\" data-fig-domain=\"LEFIGARO\">\u00a0Edi Rama<\/a>\u00a0a remport\u00e9 un quatri\u00e8me mandat in\u00e9dit \u00e0 la t\u00eate de l&rsquo;Albanie, selon les r\u00e9sultats officiels publi\u00e9s ce mardi \u00e0 minuit. L&rsquo;\u00e9lection \u00e9tait scrut\u00e9e de pr\u00e8s par l&rsquo;Union europ\u00e9enne et consid\u00e9r\u00e9e comme un test de la maturit\u00e9 d\u00e9mocratique de ce pays des Balkans, de loin le plus europhile de la r\u00e9gion, sous le joug pendant des d\u00e9cennies d&rsquo;une des dictatures les plus ferm\u00e9es au monde.<\/p>\n<p class=\"fig-paragraph\">Ces r\u00e9sultats \u00e9lectoraux sont \u00abimpressionnants\u00bb, a salu\u00e9 Ant\u00f3nio Costa, le pr\u00e9sident du Conseil europ\u00e9en, qui r\u00e9unit les chefs d&rsquo;\u00c9tat et de gouvernement des\u00a0<a href=\"http:\/\/www.lefigaro.fr\/international\/accelerer-l-adhesion-de-l-ukraine-a-l-ue-une-alternative-bancale-a-son-entree-dans-l-otan-20250217\" target=\"_blank\" data-fig-type=\"Article\" rel=\"noopener nofollow\" data-gtm-custom-categorie=\"navigation\" data-gtm-custom-action=\"crossclick\" data-gtm-custom-label=\"Contextuel\" data-gtm-event=\"customEventSPE\" data-fig-domain=\"LEFIGARO\">27 \u00c9tats membres.<\/a>\u00a0De nombreux dirigeants europ\u00e9ens seront \u00e0 Tirana, capitale de l&rsquo;Albanie, au cours des prochains jours pour le sommet de la Communaut\u00e9 politique europ\u00e9enne, qui rassemble 47 pays, membres ou non de l&rsquo;UE.<\/p>\n","protected":false},"excerpt":{"rendered":"\u00abLa France sera toujours aux c\u00f4t\u00e9s de l\u2019Albanie sur son chemin europ\u00e9en\u00bb, a salu\u00e9 le pr\u00e9sident Emmanuel Macron,&hellip;\n","protected":false},"author":2,"featured_media":100040,"comment_status":"","ping_status":"","sticky":false,"template":"","format":"standard","meta":{"footnotes":""},"categories":[1586],"tags":[259,11,260,5230,1777,674,1779,1011,27,14,261,12,262,25,1778,364],"class_list":{"0":"post-100039","1":"post","2":"type-post","3":"status-publish","4":"format-standard","5":"has-post-thumbnail","7":"category-europe","8":"tag-actualite-internationale","9":"tag-actualites","10":"tag-affaires-etrangeres","11":"tag-albanie","12":"tag-eu","13":"tag-europe","14":"tag-european-union","15":"tag-fr","16":"tag-france","17":"tag-international","18":"tag-ministere-des-affaires-etrangeres","19":"tag-news","20":"tag-politique-etrangere","21":"tag-republique-francaise","22":"tag-ue","23":"tag-union-europeenne"},"share_on_mastodon":{"url":"https:\/\/pubeurope.com\/@fr\/114507708128102418","error":""},"_links":{"self":[{"href":"https:\/\/www.europesays.com\/fr\/wp-json\/wp\/v2\/posts\/100039","targetHints":{"allow":["GET"]}}],"collection":[{"href":"https:\/\/www.europesays.com\/fr\/wp-json\/wp\/v2\/posts"}],"about":[{"href":"https:\/\/www.europesays.com\/fr\/wp-json\/wp\/v2\/types\/post"}],"author":[{"embeddable":true,"href":"https:\/\/www.europesays.com\/fr\/wp-json\/wp\/v2\/users\/2"}],"replies":[{"embeddable":true,"href":"https:\/\/www.europesays.com\/fr\/wp-json\/wp\/v2\/comments?post=100039"}],"version-history":[{"count":0,"href":"https:\/\/www.europesays.com\/fr\/wp-json\/wp\/v2\/posts\/100039\/revisions"}],"wp:featuredmedia":[{"embeddable":true,"href":"https:\/\/www.europesays.com\/fr\/wp-json\/wp\/v2\/media\/100040"}],"wp:attachment":[{"href":"https:\/\/www.europesays.com\/fr\/wp-json\/wp\/v2\/media?parent=100039"}],"wp:term":[{"taxonomy":"category","embeddable":true,"href":"https:\/\/www.europesays.com\/fr\/wp-json\/wp\/v2\/categories?post=100039"},{"taxonomy":"post_tag","embeddable":true,"href":"https:\/\/www.europesays.com\/fr\/wp-json\/wp\/v2\/tags?post=100039"}],"curies":[{"name":"wp","href":"https:\/\/api.w.org\/{rel}","templated":true}]}}