{"id":100041,"date":"2025-05-14T18:55:09","date_gmt":"2025-05-14T18:55:09","guid":{"rendered":"https:\/\/www.europesays.com\/fr\/100041\/"},"modified":"2025-05-14T18:55:09","modified_gmt":"2025-05-14T18:55:09","slug":"entre-marine-le-pen-et-jordan-bardella-linconfortable-cohabitation","status":"publish","type":"post","link":"https:\/\/www.europesays.com\/fr\/100041\/","title":{"rendered":"Entre Marine Le Pen et Jordan Bardella, l\u2019inconfortable cohabitation"},"content":{"rendered":"<p><strong>ANALYSE &#8211;<\/strong> La suppos\u00e9e b\u00e9n\u00e9diction du \u00ab\u00a0ticket gagnant\u00a0\u00bb, imagin\u00e9 par Marine Le\u00a0Pen elle-m\u00eame en novembre 2022 en nommant d\u2019avance Jordan Bardella \u00e0 Matignon, est en train de se transformer en mal\u00e9diction.<\/p>\n<p class=\"fig-paragraph\">Marine Le Pen respire enfin. Ce jeudi 8 mai, elle est \u00e0\u00a0<a href=\"http:\/\/www.lefigaro.fr\/politique\/on-baillonne-d-un-coup-un-tiers-des-francais-a-henin-beaumont-la-grande-desillusion-des-electeurs-de-marine-le-pen-20250331\" target=\"_blank\" data-fig-type=\"Article\" rel=\"noopener\" data-gtm-custom-categorie=\"navigation\" data-gtm-custom-action=\"crossclick\" data-gtm-custom-label=\"Contextuel\" data-gtm-event=\"customEventSPE\" data-fig-domain=\"LEFIGARO\">H\u00e9nin-Beaumont<\/a>\u00a0(Pas-de-Calais), son fief dont elle est d\u00e9put\u00e9e, pour comm\u00e9morer les 80 ans de la fin de\u00a0<a href=\"http:\/\/www.lefigaro.fr\/international\/de-washington-a-moscou-deux-visions-mythifiees-de-la-seconde-guerre-mondiale-20250509\" target=\"_blank\" data-fig-type=\"Article\" rel=\"noopener\" data-gtm-custom-categorie=\"navigation\" data-gtm-custom-action=\"crossclick\" data-gtm-custom-label=\"Contextuel\" data-gtm-event=\"customEventSPE\" data-fig-domain=\"LEFIGARO\">la Seconde Guerre mondiale<\/a>. Une c\u00e9r\u00e9monie presque intimiste, loin des jeux politiques parisiens, des dizaines de cam\u00e9ras et micros qui la suivent en permanence. Loin des tensions qui secouent le Rassemblement national (RN) aussi. Seules quelques dizaines d\u2019habitants se sont d\u00e9plac\u00e9s jusqu\u2019au monument aux morts, rue Saint-Martin, pr\u00e8s du stade Andr\u00e9-Limousin, et une \u00e9glise en brique rouge. Mais\u00a0<a href=\"http:\/\/www.lefigaro.fr\/societes\/les-factures-d-electricite-des-francais-vont-elles-vraiment-augmenter-de-100-comme-l-affirme-marine-le-pen-20250506\" target=\"_blank\" data-fig-type=\"Article\" rel=\"noopener\" data-gtm-custom-categorie=\"navigation\" data-gtm-custom-action=\"crossclick\" data-gtm-custom-label=\"Contextuel\" data-gtm-event=\"customEventSPE\" data-fig-domain=\"LEFIGARO\">Marine Le Pen<\/a>\u00a0les conna\u00eet tous. Elle fait la bise, serre des paluches. Le s\u00e9nateur RN du Pas-de-Calais, Christopher Szczurek, est l\u00e0 pour l\u2019accueillir. Tout comme le maire d\u2019H\u00e9nin-Beaumont, Steeve Briois, mariniste chimiquement pur. Bruno Bilde, ami de trente ans de la triple candidate \u00e0 l\u2019\u00e9lection pr\u00e9sidentielle, arrivera plus tard.<\/p>\n<p>\u00abPlus combative que jamais\u00bb<\/p>\n<p class=\"fig-paragraph\">Mais la politique la rattrape toujours. Quelques journalistes sont l\u00e0 et l\u2019interrogent sur un sondage r\u00e9cent\u2026<\/p>\n<p class=\"fig-premium-paywall__infos\">\n        Cet article est r\u00e9serv\u00e9 aux abonn\u00e9s.        Il vous reste 80% \u00e0 d\u00e9couvrir.\n    <\/p>\n<p>                <img  data- alt=\"Le Figaro\" class=\"fig-img--complete fig-img\"\/><\/p>\n<p class=\"fig-premium-paywall__title\">Je m&rsquo;informe, je m&rsquo;inspire, je m&rsquo;abonne.<\/p>\n<p class=\"fig-premium-paywall__subtitle\">D\u00e9couvrez notre offre de bienvenue.<\/p>\n<p class=\"fig-premium-paywall__connect\">\n                D\u00e9j\u00e0 abonn\u00e9\u00a0?                <a class=\"fig-premium-paywall__connect-link\" href=\"https:\/\/connect.lefigaro.fr\/login?client=horizon_web&amp;type=main&amp;redirect_uri=https%3A%2F%2Fwww.lefigaro.fr%2Factualite-france%2Fentre-marine-le-pen-et-jordan-bardella-l-inconfortable-cohabitation-20250514\" data-js-gtm=\"{&quot;customCategorie&quot;: &quot;conversion&quot;, &quot;customAction&quot;: &quot;before_Landing_Connexion_paywall_auto&quot;, &quot;customLabel&quot;: &quot;bGVmaWdhcm8uZnJfXzFmMDMwYjFjLWYxMTQtNmY4OC04YTZkLWI5NzE2NjFjYTVmZF9fQXJ0aWNsZQ==_Entre Marine Le Pen et Jordan Bardella, l\u2019inconfortable cohabitation_108&quot;, &quot;customIDSPE&quot;: &quot;bGVmaWdhcm8uZnJfXzFmMDMwYjFjLWYxMTQtNmY4OC04YTZkLWI5NzE2NjFjYTVmZF9fQXJ0aWNsZQ==&quot;, &quot;event&quot;: &quot;customEventSPE&quot;}\" target=\"_blank\" rel=\"noopener\"><br \/>\n                    Connectez-vous<br \/>\n                <\/a>\n            <\/p>\n","protected":false},"excerpt":{"rendered":"ANALYSE &#8211; La suppos\u00e9e b\u00e9n\u00e9diction du \u00ab\u00a0ticket gagnant\u00a0\u00bb, imagin\u00e9 par Marine Le\u00a0Pen elle-m\u00eame en novembre 2022 en nommant&hellip;\n","protected":false},"author":2,"featured_media":100042,"comment_status":"","ping_status":"","sticky":false,"template":"","format":"standard","meta":{"footnotes":""},"categories":[2],"tags":[47,1058,1054,1059,1060,1055,11,1057,118,1011,27,1061,1077,303,430,12,1062,1078,25,656,104,1056,809],"class_list":{"0":"post-100041","1":"post","2":"type-post","3":"status-publish","4":"format-standard","5":"has-post-thumbnail","7":"category-actualites","8":"tag-actualite","9":"tag-actualite-education","10":"tag-actualite-france","11":"tag-actualite-justice","12":"tag-actualite-securite","13":"tag-actualite-societe","14":"tag-actualites","15":"tag-education","16":"tag-faits-divers","17":"tag-fr","18":"tag-france","19":"tag-immigration","20":"tag-jordan-bardella","21":"tag-justice","22":"tag-marine-le-pen","23":"tag-news","24":"tag-polemique","25":"tag-rassemblement-national","26":"tag-republique-francaise","27":"tag-securite","28":"tag-societe","29":"tag-societe-francaise","30":"tag-violence"},"share_on_mastodon":{"url":"https:\/\/pubeurope.com\/@fr\/114507712027440680","error":""},"_links":{"self":[{"href":"https:\/\/www.europesays.com\/fr\/wp-json\/wp\/v2\/posts\/100041","targetHints":{"allow":["GET"]}}],"collection":[{"href":"https:\/\/www.europesays.com\/fr\/wp-json\/wp\/v2\/posts"}],"about":[{"href":"https:\/\/www.europesays.com\/fr\/wp-json\/wp\/v2\/types\/post"}],"author":[{"embeddable":true,"href":"https:\/\/www.europesays.com\/fr\/wp-json\/wp\/v2\/users\/2"}],"replies":[{"embeddable":true,"href":"https:\/\/www.europesays.com\/fr\/wp-json\/wp\/v2\/comments?post=100041"}],"version-history":[{"count":0,"href":"https:\/\/www.europesays.com\/fr\/wp-json\/wp\/v2\/posts\/100041\/revisions"}],"wp:featuredmedia":[{"embeddable":true,"href":"https:\/\/www.europesays.com\/fr\/wp-json\/wp\/v2\/media\/100042"}],"wp:attachment":[{"href":"https:\/\/www.europesays.com\/fr\/wp-json\/wp\/v2\/media?parent=100041"}],"wp:term":[{"taxonomy":"category","embeddable":true,"href":"https:\/\/www.europesays.com\/fr\/wp-json\/wp\/v2\/categories?post=100041"},{"taxonomy":"post_tag","embeddable":true,"href":"https:\/\/www.europesays.com\/fr\/wp-json\/wp\/v2\/tags?post=100041"}],"curies":[{"name":"wp","href":"https:\/\/api.w.org\/{rel}","templated":true}]}}