{"id":1000410,"date":"2026-06-14T22:20:44","date_gmt":"2026-06-14T22:20:44","guid":{"rendered":"https:\/\/www.europesays.com\/fr\/1000410\/"},"modified":"2026-06-14T22:20:44","modified_gmt":"2026-06-14T22:20:44","slug":"dommartin-sous-amance-microcoupures-electriques-au-piroue-il-y-a-du-mieux-sur-le-reseau","status":"publish","type":"post","link":"https:\/\/www.europesays.com\/fr\/1000410\/","title":{"rendered":"Dommartin-sous-Amance. Microcoupures \u00e9lectriques au Pirou\u00e9\u00a0: il y a du mieux sur le r\u00e9seau"},"content":{"rendered":"<p>Peu d\u2019habitants ont r\u00e9pondu \u00e0 l\u2019invitation du maire, Dominique Mathey, au cours d\u2019une r\u00e9union publique balayant les actions en cours ou \u00e0 venir.<\/p>\n<p>Devant les habitants, le repr\u00e9sentant d\u2019Enedis en charge du r\u00e9seau \u00e9lectrique du Pirou\u00e9, Mathieu Denez, a donn\u00e9 les informations li\u00e9es aux derni\u00e8res interventions du fournisseur d\u2019\u00e9lectricit\u00e9, notamment&#8230;<\/p>\n","protected":false},"excerpt":{"rendered":"Peu d\u2019habitants ont r\u00e9pondu \u00e0 l\u2019invitation du maire, Dominique Mathey, au cours d\u2019une r\u00e9union publique balayant les actions&hellip;\n","protected":false},"author":2,"featured_media":1000411,"comment_status":"","ping_status":"","sticky":false,"template":"","format":"standard","meta":{"footnotes":"","_share_on_mastodon":"0"},"categories":[9635],"tags":[1111,11,12080,20383,1704,1777,674,1011,27,775,1702,12,316,25],"class_list":["post-1000410","post","type-post","status-publish","format-standard","has-post-thumbnail","category-nancy","tag-actu","tag-actualites","tag-cc-de-seille-et-grand-couronne-54b","tag-dommartin-sous-amance","tag-edition-nancy-et-agglomeration","tag-eu","tag-europe","tag-fr","tag-france","tag-grand-est","tag-nancy","tag-news","tag-politique","tag-republique-francaise"],"share_on_mastodon":{"url":"https:\/\/pubeurope.com\/@fr\/116750793254021220","error":""},"_links":{"self":[{"href":"https:\/\/www.europesays.com\/fr\/wp-json\/wp\/v2\/posts\/1000410","targetHints":{"allow":["GET"]}}],"collection":[{"href":"https:\/\/www.europesays.com\/fr\/wp-json\/wp\/v2\/posts"}],"about":[{"href":"https:\/\/www.europesays.com\/fr\/wp-json\/wp\/v2\/types\/post"}],"author":[{"embeddable":true,"href":"https:\/\/www.europesays.com\/fr\/wp-json\/wp\/v2\/users\/2"}],"replies":[{"embeddable":true,"href":"https:\/\/www.europesays.com\/fr\/wp-json\/wp\/v2\/comments?post=1000410"}],"version-history":[{"count":0,"href":"https:\/\/www.europesays.com\/fr\/wp-json\/wp\/v2\/posts\/1000410\/revisions"}],"wp:featuredmedia":[{"embeddable":true,"href":"https:\/\/www.europesays.com\/fr\/wp-json\/wp\/v2\/media\/1000411"}],"wp:attachment":[{"href":"https:\/\/www.europesays.com\/fr\/wp-json\/wp\/v2\/media?parent=1000410"}],"wp:term":[{"taxonomy":"category","embeddable":true,"href":"https:\/\/www.europesays.com\/fr\/wp-json\/wp\/v2\/categories?post=1000410"},{"taxonomy":"post_tag","embeddable":true,"href":"https:\/\/www.europesays.com\/fr\/wp-json\/wp\/v2\/tags?post=1000410"}],"curies":[{"name":"wp","href":"https:\/\/api.w.org\/{rel}","templated":true}]}}