{"id":100050,"date":"2025-05-14T19:03:09","date_gmt":"2025-05-14T19:03:09","guid":{"rendered":"https:\/\/www.europesays.com\/fr\/100050\/"},"modified":"2025-05-14T19:03:09","modified_gmt":"2025-05-14T19:03:09","slug":"motogp-il-est-le-2e-homme-du-jour-au-mans-accueilli-en-empereur-par-honda","status":"publish","type":"post","link":"https:\/\/www.europesays.com\/fr\/100050\/","title":{"rendered":"MotoGP Il est le 2e homme du jour au Mans, accueilli en empereur par Honda !"},"content":{"rendered":"<p>Oui, Johann Zarco aura clairement \u00e9t\u00e9 LE pilote du jour, au Grand-Prix de France de MotoGP. Titre honorifique attribu\u00e9 par les fans, assez logiquement, dimanche dernier. Mais derri\u00e8re le tricolore, un autre homme, ancien co\u00e9quipier du num\u00e9ro 5, a \u00e9galement r\u00e9alis\u00e9 un exploit. Pourtant pass\u00e9 quasiment inaper\u00e7u\u2026<\/p>\n<p>MotoGP : Takaaki Nakagami n\u2019avait pas \u00e9t\u00e9 \u00e0 pareille f\u00eate depuis longtemps !<\/p>\n<p>Il s\u2019agit du wild-card du Honda HRC ! En effet, Takaaki Nagami, malgr\u00e9 son manque de roulage au guidon de la moto Japonaise cette ann\u00e9e (du fait de sa retraite, fin 2024) a r\u00e9alis\u00e9 une course splendide, au Mans. Pass\u00e9 au travers des emb\u00fbches diverses et vari\u00e9es, l\u2019ex-pilote LCR s\u2019est class\u00e9 \u00e0 une brillante sixi\u00e8me place. Un splendide r\u00e9sultat qui lui permettra, le jour o\u00f9 il n\u2019ex\u00e9cutera plus de piges, d\u2019\u00eatre fier de son parcours. Car l\u2019int\u00e9ress\u00e9 n\u2019avait pas eu le bonheur de terminer aussi bien class\u00e9 depuis plusieurs ann\u00e9es, en MotoGP\u2026<\/p>\n<p>Il faut en effet remonter au Grand-Prix de Styrie, en 2021, qu\u2019il avait termin\u00e9 \u00e0 la cinqui\u00e8me place. Aussi, son \u00e9quipe l\u2019accueillait, dans le box Honda, comme un authentique h\u00e9ros ! Et surtout, en tant que deuxi\u00e8me meilleur pilote de la marque, au classement, loin devant Luca Marini et alors que Joan Mir \u00e9tait tomb\u00e9. Voici la s\u00e9quence en question, l\u2019occasion de mettre en valeur \u201cTaka\u201d, qui m\u00e9riterait probablement de retrouver le guidon subtilis\u00e9 par son rempla\u00e7ant actuel.<\/p>\n<blockquote class=\"twitter-tweet\">\n<p dir=\"ltr\" lang=\"en\">And what a sixth place for <a href=\"https:\/\/twitter.com\/takanakagami30?ref_src=twsrc%5Etfw\" target=\"_blank\" rel=\"noopener\">@takanakagami30<\/a>!<\/p>\n<p>Celebrating so hard with the Honda HRC Test Team his air bag has went off \ud83d\ude49 <a href=\"https:\/\/t.co\/zKlnFlMfcV\" target=\"_blank\">pic.twitter.com\/zKlnFlMfcV<\/a><\/p>\n<p>\u2014 Honda HRC Castrol \u2013 MotoGP (@HRC_MotoGP) <a href=\"https:\/\/twitter.com\/HRC_MotoGP\/status\/1921555281713988037?ref_src=twsrc%5Etfw\" target=\"_blank\" rel=\"noopener\">May 11, 2025<\/a><\/p>\n<\/blockquote>\n<p>Article publi\u00e9 le 14\/05\/2025 \u00e0 17h22<\/p>\n<p>                                                            <script async src=\"https:\/\/platform.twitter.com\/widgets.js\" charset=\"utf-8\"><\/script><\/p>\n","protected":false},"excerpt":{"rendered":"Oui, Johann Zarco aura clairement \u00e9t\u00e9 LE pilote du jour, au Grand-Prix de France de MotoGP. Titre honorifique&hellip;\n","protected":false},"author":2,"featured_media":100051,"comment_status":"","ping_status":"","sticky":false,"template":"","format":"standard","meta":{"footnotes":""},"categories":[1413],"tags":[1011,27,1457,1456,1458,60,15544],"class_list":{"0":"post-100050","1":"post","2":"type-post","3":"status-publish","4":"format-standard","5":"has-post-thumbnail","7":"category-moto","8":"tag-fr","9":"tag-france","10":"tag-moto","11":"tag-motocycle","12":"tag-motogp","13":"tag-sports","14":"tag-takaaki-nakagami"},"share_on_mastodon":{"url":"https:\/\/pubeurope.com\/@fr\/114507743448447926","error":""},"_links":{"self":[{"href":"https:\/\/www.europesays.com\/fr\/wp-json\/wp\/v2\/posts\/100050","targetHints":{"allow":["GET"]}}],"collection":[{"href":"https:\/\/www.europesays.com\/fr\/wp-json\/wp\/v2\/posts"}],"about":[{"href":"https:\/\/www.europesays.com\/fr\/wp-json\/wp\/v2\/types\/post"}],"author":[{"embeddable":true,"href":"https:\/\/www.europesays.com\/fr\/wp-json\/wp\/v2\/users\/2"}],"replies":[{"embeddable":true,"href":"https:\/\/www.europesays.com\/fr\/wp-json\/wp\/v2\/comments?post=100050"}],"version-history":[{"count":0,"href":"https:\/\/www.europesays.com\/fr\/wp-json\/wp\/v2\/posts\/100050\/revisions"}],"wp:featuredmedia":[{"embeddable":true,"href":"https:\/\/www.europesays.com\/fr\/wp-json\/wp\/v2\/media\/100051"}],"wp:attachment":[{"href":"https:\/\/www.europesays.com\/fr\/wp-json\/wp\/v2\/media?parent=100050"}],"wp:term":[{"taxonomy":"category","embeddable":true,"href":"https:\/\/www.europesays.com\/fr\/wp-json\/wp\/v2\/categories?post=100050"},{"taxonomy":"post_tag","embeddable":true,"href":"https:\/\/www.europesays.com\/fr\/wp-json\/wp\/v2\/tags?post=100050"}],"curies":[{"name":"wp","href":"https:\/\/api.w.org\/{rel}","templated":true}]}}