{"id":100054,"date":"2025-05-14T19:05:10","date_gmt":"2025-05-14T19:05:10","guid":{"rendered":"https:\/\/www.europesays.com\/fr\/100054\/"},"modified":"2025-05-14T19:05:10","modified_gmt":"2025-05-14T19:05:10","slug":"giro-tour-ditalie-quentin-pacher-7e-jetais-bien-place-dans-le-virage-mais","status":"publish","type":"post","link":"https:\/\/www.europesays.com\/fr\/100054\/","title":{"rendered":"Giro. Tour d&rsquo;Italie &#8211; Quentin Pacher, 7e : \u00abJ&rsquo;\u00e9tais bien plac\u00e9 dans le virage, mais&#8230;\u00bb"},"content":{"rendered":"<p><strong>Quentin Pacher<\/strong> (Groupama-FDJ) a termin\u00e9 7e de la 5e \u00e9tape du <strong><a href=\"https:\/\/www.cyclismactu.net\/..\/news-giro-route-tour-d-italie-mads-pedersen-j-ai-eu-beaucoup-de-mal-dans-final-87848.html\" target=\"_blank\" rel=\"nofollow noopener\">Tour d\u2019Italie<\/a><\/strong> ce mercredi. Le puncheur de <strong>Groupama-FDJ<\/strong> s\u2019est m\u00eal\u00e9 \u00e0 l\u2019emballage final, venant concurrencer les coureurs les plus rapides encore pr\u00e9sents. Dans la roue de <strong>Mads Pedersen<\/strong> (Lidl-Trek) dans le dernier virage, <strong>Pacher<\/strong> n\u2019a pas trouv\u00e9 le jus n\u00e9cessaire pour r\u00e9aliser un bon sprint. Septi\u00e8me, il termine tout de m\u00eame premier Fran\u00e7ais de la journ\u00e9e.<\/p>\n<p>Vid\u00e9o &#8211; Pacher, 7e du sprint ce mercredi Lire la suite de l&rsquo;article&#13;<\/p>\n<p>\u00a0<\/p>\n<p>&#13;<br \/>\n\u00ab\u00a0Il faudra faire un petit peu mieux&#8230;\u00a0\u00bb&#13;<\/p>\n<p>\u00ab\u00a0Se retrouver dans un final, avec l\u2019adr\u00e9naline qui va avec, c\u2019\u00e9tait cool. Maintenant, il faudra faire un petit peu mieux, c\u2019est un bon point de d\u00e9part. J\u2019\u00e9tais bien plac\u00e9 dans le dernier virage, mais j\u2019avais d\u00e9j\u00e0 jet\u00e9 tout mon jus pour me mettre dans la roue de Mads Pedersen, et apr\u00e8s j\u2019\u00e9tais un peu mort dans la derni\u00e8re ligne droite. Donc on peut encore faire mieux, mais c\u2019est d\u00e9j\u00e0 un bon d\u00e9but\u00a0\u00bb, explique <strong>Pacher<\/strong> au micro d\u2019Eurosport.<\/p>\n<p>&#13;<\/p>\n<p>Il est ensuite revenu sur le sc\u00e9nario de la course, avec notamment l\u2019attaque de <strong>Roglic<\/strong> : \u00ab\u00a0Il y a encore beaucoup de fra\u00eecheur, il y a eu une journ\u00e9e assez tranquille hier, et parfois ce ne sont pas les journ\u00e9es les plus impressionnantes sur le papier qui cr\u00e9ent les plus gros \u00e9carts. Et la bosse r\u00e9pertori\u00e9e a bien donn\u00e9 le ton. C\u2019est mont\u00e9 tr\u00e8s vite. Puis apr\u00e8s, quand certains voient que d\u2019autres sont un peu dans le dur, ils ont tendance \u00e0 vouloir tester, c\u2019est le Giro.\u00a0\u00bb<\/p>\n<p>Tour d&rsquo;Italie &#8211; Classement de la 5\u00e8 \u00e9tape <\/p>\n","protected":false},"excerpt":{"rendered":"Quentin Pacher (Groupama-FDJ) a termin\u00e9 7e de la 5e \u00e9tape du Tour d\u2019Italie ce mercredi. Le puncheur de&hellip;\n","protected":false},"author":2,"featured_media":100055,"comment_status":"","ping_status":"","sticky":false,"template":"","format":"standard","meta":{"footnotes":""},"categories":[1411],"tags":[1154,207,1011,27,209,60,3318,208],"class_list":{"0":"post-100054","1":"post","2":"type-post","3":"status-publish","4":"format-standard","5":"has-post-thumbnail","7":"category-cyclisme","8":"tag-cycling","9":"tag-cyclisme","10":"tag-fr","11":"tag-france","12":"tag-route","13":"tag-sports","14":"tag-tour-d","15":"tag-velo"},"share_on_mastodon":{"url":"https:\/\/pubeurope.com\/@fr\/114507751337871300","error":""},"_links":{"self":[{"href":"https:\/\/www.europesays.com\/fr\/wp-json\/wp\/v2\/posts\/100054","targetHints":{"allow":["GET"]}}],"collection":[{"href":"https:\/\/www.europesays.com\/fr\/wp-json\/wp\/v2\/posts"}],"about":[{"href":"https:\/\/www.europesays.com\/fr\/wp-json\/wp\/v2\/types\/post"}],"author":[{"embeddable":true,"href":"https:\/\/www.europesays.com\/fr\/wp-json\/wp\/v2\/users\/2"}],"replies":[{"embeddable":true,"href":"https:\/\/www.europesays.com\/fr\/wp-json\/wp\/v2\/comments?post=100054"}],"version-history":[{"count":0,"href":"https:\/\/www.europesays.com\/fr\/wp-json\/wp\/v2\/posts\/100054\/revisions"}],"wp:featuredmedia":[{"embeddable":true,"href":"https:\/\/www.europesays.com\/fr\/wp-json\/wp\/v2\/media\/100055"}],"wp:attachment":[{"href":"https:\/\/www.europesays.com\/fr\/wp-json\/wp\/v2\/media?parent=100054"}],"wp:term":[{"taxonomy":"category","embeddable":true,"href":"https:\/\/www.europesays.com\/fr\/wp-json\/wp\/v2\/categories?post=100054"},{"taxonomy":"post_tag","embeddable":true,"href":"https:\/\/www.europesays.com\/fr\/wp-json\/wp\/v2\/tags?post=100054"}],"curies":[{"name":"wp","href":"https:\/\/api.w.org\/{rel}","templated":true}]}}