{"id":1000543,"date":"2026-06-15T00:06:16","date_gmt":"2026-06-15T00:06:16","guid":{"rendered":"https:\/\/www.europesays.com\/fr\/1000543\/"},"modified":"2026-06-15T00:06:16","modified_gmt":"2026-06-15T00:06:16","slug":"soirees-open-air-levenement-accrobranche-de-lete-a-lyon-chez-city-aventure","status":"publish","type":"post","link":"https:\/\/www.europesays.com\/fr\/1000543\/","title":{"rendered":"Soir\u00e9es Open Air : l&rsquo;\u00e9v\u00e9nement accrobranche de l&rsquo;\u00e9t\u00e9 \u00e0 Lyon chez City Aventure"},"content":{"rendered":"<p>Rendez-vous les vendredis 3, 10, 17 et 24 juillet ainsi que le 21 ao\u00fbt 2026, de 18h \u00e0 23h, pour profiter d&rsquo;une exp\u00e9rience en plein air \u00e0 quelques minutes du centre de Lyon.<\/p>\n<p>Vous cherchez une activit\u00e9 originale \u00e0 Lyon cet \u00e9t\u00e9 ? Le parc d&rsquo;accrobranche City Aventure de Sainte-Foy-l\u00e8s-Lyon lance ses soir\u00e9es OPEN AIR, un concept festif m\u00ealant accrobranche, musique et convivialit\u00e9. <\/p>\n<p>Une soir\u00e9e accrobranche et DJ set pr\u00e8s de Lyon<\/p>\n<p>Les participants b\u00e9n\u00e9ficient d&rsquo;un acc\u00e8s illimit\u00e9 aux 11 parcours d&rsquo;accrobranche du parc City Aventure. Que vous soyez d\u00e9butant ou amateur de sensations fortes, les parcours sont accessibles \u00e0 diff\u00e9rents niveaux.<\/p>\n<p>L&rsquo;ambiance est assur\u00e9e par un DJ set live, id\u00e9al pour prolonger l&rsquo;exp\u00e9rience apr\u00e8s le travail ou partager un moment entre amis dans un cadre naturel exceptionnel.<\/p>\n<p>Afterwork, sortie entre amis ou activit\u00e9 en famille<\/p>\n<p>Les soir\u00e9es OPEN AIR sont l&rsquo;occasion de d\u00e9couvrir l&rsquo;une des activit\u00e9s de plein air les plus appr\u00e9ci\u00e9es de la m\u00e9tropole lyonnaise. Entre deux parcours dans les arbres, les visiteurs pourront profiter de planches \u00e0 partager, de boissons fra\u00eeches et d&rsquo;un espace d\u00e9tente au c\u0153ur de la for\u00eat.<\/p>\n<p>Que vous recherchiez un afterwork original \u00e0 Lyon, une sortie estivale en famille ou une activit\u00e9 insolite entre amis, ces soir\u00e9es sont faites pour vous.<\/p>\n<p>Infos pratiques <br \/>&#8211; City Aventure \u2013 Sainte-Foy-l\u00e8s-Lyon<br \/>&#8211;  Les vendredis 3, 10, 17 et 24 juillet ainsi que le 21 ao\u00fbt 2026<br \/>&#8211; De 18h \u00e0 23h<br \/>&#8211; Tarifs : de 5 \u20ac \u00e0 20 \u20ac<br \/>&#8211; R\u00e9servation fortement conseill\u00e9e<br \/>Plus d&rsquo;infos et r\u00e9servations sur <a class=\"url\" href=\"https:\/\/www.cityaventure.com\" target=\"_blank\" rel=\"nofollow noopener\">cityaventure.com<\/a><\/p>\n<p>Radio SCOOP est partenaire de City Aventure<\/p>\n<p><\/p>\n<tr>\n<td class=\"defaut\"><a href=\"https:\/\/www.radioscoop.com\/agenda\/javascript:void(0)\" onclick=\"parent.RS.diaporama.addMedia(742022) ;\" rel=\"nofollow noopener\" target=\"_blank\"><img loading=\"lazy\" decoding=\"async\" src=\"https:\/\/www.europesays.com\/fr\/wp-content\/uploads\/2026\/06\/1781481976_649_img.png\" width=\"453\" height=\"640\" border=\"0\" title=\"City Aventure\"\/><\/a><\/td>\n<\/tr>\n<p><\/p>\n","protected":false},"excerpt":{"rendered":"Rendez-vous les vendredis 3, 10, 17 et 24 juillet ainsi que le 21 ao\u00fbt 2026, de 18h \u00e0&hellip;\n","protected":false},"author":2,"featured_media":1000544,"comment_status":"","ping_status":"","sticky":false,"template":"","format":"standard","meta":{"footnotes":"","_share_on_mastodon":"0"},"categories":[1889],"tags":[38869,1111,11,2430,104930,1777,674,652,5183,1011,27,32722,2428,12,12618,25,3242,72394,81759],"class_list":["post-1000543","post","type-post","status-publish","format-standard","has-post-thumbnail","category-lyon","tag-accrobranche","tag-actu","tag-actualites","tag-auvergne-rhone-alpes","tag-city-aventure","tag-eu","tag-europe","tag-famille","tag-foret","tag-fr","tag-france","tag-lancement","tag-lyon","tag-news","tag-parcours","tag-republique-francaise","tag-saison","tag-sensations-fortes","tag-tyrolienne"],"share_on_mastodon":{"url":"https:\/\/pubeurope.com\/@fr\/116751211329903462","error":""},"_links":{"self":[{"href":"https:\/\/www.europesays.com\/fr\/wp-json\/wp\/v2\/posts\/1000543","targetHints":{"allow":["GET"]}}],"collection":[{"href":"https:\/\/www.europesays.com\/fr\/wp-json\/wp\/v2\/posts"}],"about":[{"href":"https:\/\/www.europesays.com\/fr\/wp-json\/wp\/v2\/types\/post"}],"author":[{"embeddable":true,"href":"https:\/\/www.europesays.com\/fr\/wp-json\/wp\/v2\/users\/2"}],"replies":[{"embeddable":true,"href":"https:\/\/www.europesays.com\/fr\/wp-json\/wp\/v2\/comments?post=1000543"}],"version-history":[{"count":0,"href":"https:\/\/www.europesays.com\/fr\/wp-json\/wp\/v2\/posts\/1000543\/revisions"}],"wp:featuredmedia":[{"embeddable":true,"href":"https:\/\/www.europesays.com\/fr\/wp-json\/wp\/v2\/media\/1000544"}],"wp:attachment":[{"href":"https:\/\/www.europesays.com\/fr\/wp-json\/wp\/v2\/media?parent=1000543"}],"wp:term":[{"taxonomy":"category","embeddable":true,"href":"https:\/\/www.europesays.com\/fr\/wp-json\/wp\/v2\/categories?post=1000543"},{"taxonomy":"post_tag","embeddable":true,"href":"https:\/\/www.europesays.com\/fr\/wp-json\/wp\/v2\/tags?post=1000543"}],"curies":[{"name":"wp","href":"https:\/\/api.w.org\/{rel}","templated":true}]}}