{"id":100058,"date":"2025-05-14T19:07:08","date_gmt":"2025-05-14T19:07:08","guid":{"rendered":"https:\/\/www.europesays.com\/fr\/100058\/"},"modified":"2025-05-14T19:07:08","modified_gmt":"2025-05-14T19:07:08","slug":"pardon-anne-elisabeth-lemoine-frole-le-fiasco-au-festival-de-cannes-son-tete-a-tete-avec-tom-cruise-a-failli-lui-couter-cher","status":"publish","type":"post","link":"https:\/\/www.europesays.com\/fr\/100058\/","title":{"rendered":"\u00ab\u00a0Pardon !\u00a0\u00bb : Anne-\u00c9lisabeth Lemoine fr\u00f4le le \u00ab\u00a0fiasco\u00a0\u00bb au Festival de Cannes, son t\u00eate-\u00e0-t\u00eate avec Tom Cruise a failli lui co\u00fbter cher"},"content":{"rendered":"<p>M\u00eame depuis le Croisette, <a href=\"https:\/\/www.public.fr\/tag\/anne-elisabeth-lemoine\" target=\"_blank\" rel=\"noopener\">Anne-\u00c9lisabeth Lemoine<\/a> garde son \u00e9ternel humour. Ce mercredi 14 mai 2025, comme depuis deux ans, la pr\u00e9sentatrice anime sa quotidienne <strong>\u00ab\u00a0C \u00e0 Vous\u00a0\u00bb<\/strong>, en direct depuis le Festival de Cannes, qui a ouvert ses portes ce mardi.\u00a0<\/p>\n<p>En compagnie de<a href=\"https:\/\/www.public.fr\/tag\/bertrand-chameroy\" target=\"_blank\" rel=\"noopener\"> Bertrand Chameroy<\/a>, Pierre Lescure, ou encore <a href=\"https:\/\/www.public.fr\/tag\/patrick-cohen\" target=\"_blank\" rel=\"noopener\">Patrick Cohen<\/a>, Anne-\u00c9lisabeth Lemoine ne prend pas ce rendez-vous \u00e0 l\u00e9g\u00e8re et tente d\u2019offrir la meilleure \u00e9mission possible aux t\u00e9l\u00e9spectateurs et au public pr\u00e9sent en plateau depuis la Pantiero.<\/p>\n<p>\u00ab\u00a0C \u00e0 Vous\u00a0\u00bb se d\u00e9place \u00e0 Cannes, pour la troisi\u00e8me ann\u00e9e d&rsquo;affil\u00e9e<\/p>\n<p>Et pour la premi\u00e8re de <strong>\u00ab\u00a0C \u00e0 Vous\u00a0\u00bb <\/strong>\u00e0 Cannes, \u00e9dition 2025, l\u2019animatrice a tap\u00e9 fort. En effet, la pr\u00e9sentatrice de la quotidienne de France 5 a re\u00e7u <a href=\"https:\/\/www.public.fr\/tag\/tom-cruise\" target=\"_blank\" rel=\"noopener\">Tom Cruise<\/a> pour un entretien exclusif. Le com\u00e9dien am\u00e9ricain, pr\u00e9sent au Festival de Cannes pour la projection du dernier <strong>\u00ab\u00a0Mission : Impossible 8\u00a0\u00bb<\/strong>, ce mercredi 14 mai.\u00a0<\/p>\n<p>Un entretien teas\u00e9 par Aur\u00e9lie Casse aux alentours de 19h48. En effet, la journaliste remplace Anne-\u00c9lisabeth Lemoine en premi\u00e8re partie de quotidienne, depuis Paris, en compagnie de Mohamed Bouhafsi, Nathalie Saint Cricq, et Lorrain S\u00e9n\u00e9chal.<\/p>\n<p>\u00ab\u00a0Tout de suite on va retrouver Babeth parce qu\u2019on a h\u00e2te de retrouver cet interview de <a href=\"https:\/\/vsd.fr\/tag\/tom-cruise\/\" target=\"_blank\" rel=\"noopener\">Tom Cruise<\/a>. Bonsoir Babeth\u00a0\u00bb, a-t-elle lanc\u00e9, laissant place \u00e0 un blanc de plusieurs secondes. Face au mutisme de la pr\u00e9sentatrice, sa rempla\u00e7ante l\u2019a alors relanc\u00e9e : <strong>\u00ab\u00a0Babeth ??\u00a0\u00bb<\/strong>.<\/p>\n<p>L\u2019occasion pour les t\u00e9l\u00e9spectateurs de d\u00e9couvrir la quotidienne de France 5 basculer du c\u00f4t\u00e9 de Cannes, une membre de l\u2019\u00e9quipe technique pressant Anne-\u00c9lisabeth Lemoine : <strong>\u00ab\u00a0T\u2019es en direct l\u00e0 d\u00e9p\u00eache toi !\u00a0\u00bb<\/strong><\/p>\n<p>Anne-\u00c9lisabeth Lemoine, \u00ab\u00a0en retard\u00a0\u00bb \u00e0 cause de Tom Cruise<\/p>\n<p>L\u2019animatrice de <strong>\u00ab\u00a0C \u00e0 Vous\u00a0\u00bb<\/strong> s\u2019est alors rendu dans une cabine situ\u00e9e sur la Pantiero afin de se changer et enfiler une tenue plus adapt\u00e9e pour la pr\u00e9sentation de la quotidienne. Une s\u00e9quence bien \u00e9videmment enregistr\u00e9e pour jouer la com\u00e9die.<\/p>\n<p>Anne-\u00c9lisabeth Lemoine a finalement fait mine de ressortir de la cabine dans laquelle elle venait d\u2019entrer, v\u00eatue d\u2019une tenue de soir\u00e9e adapt\u00e9e pour la 1\u00e8re de <strong>\u00ab\u00a0C \u00e0 Vous\u00a0\u00bb<\/strong> en direct de Cannes, version 2025. <strong>\u00ab\u00a0Pardon, pardon, on refaisait le monde avec Tom Cruise, pardon !\u00a0\u00bb<\/strong>, s\u2019est-elle excus\u00e9e avec beaucoup d\u2019humour.<\/p>\n<p>Avant de lancer, enfin install\u00e9e sur le plateau : \u00ab\u00a0Bonsoir Cannes ! On est tr\u00e8s heureux de vous retrouver pour la troisi\u00e8me \u00e9dition de C \u00e0 Vous \u00e0 Cannes avec Bertrand, Pierre, et Patrick\u00a0\u00bb. <strong>\u00ab\u00a0C\u2019est vrai qu\u2019il est bavard Tom, on ne l\u2019arr\u00eatait plus\u00a0\u00bb<\/strong>, a finalement conclu la pr\u00e9sentatrice, toujours sur le ton de l\u2019humour, avant de r\u00e9ellement diffuser son entretien avec l\u2019acteur am\u00e9ricaine, une dizaine de minutes plus tard.\u00a0<\/p>\n<p>      Mentionn\u00e9s dans cet article<\/p>\n<p>\u00c0 lire aussi<\/p>\n","protected":false},"excerpt":{"rendered":"M\u00eame depuis le Croisette, Anne-\u00c9lisabeth Lemoine garde son \u00e9ternel humour. Ce mercredi 14 mai 2025, comme depuis deux&hellip;\n","protected":false},"author":2,"featured_media":100059,"comment_status":"","ping_status":"","sticky":false,"template":"","format":"standard","meta":{"footnotes":""},"categories":[1359],"tags":[5631,58,59,5634,1011,27,4467,973,6834],"class_list":{"0":"post-100058","1":"post","2":"type-post","3":"status-publish","4":"format-standard","5":"has-post-thumbnail","7":"category-people","8":"tag-anne-elisabeth-lemoine","9":"tag-divertissement","10":"tag-entertainment","11":"tag-festival-de-cannes","12":"tag-fr","13":"tag-france","14":"tag-france-5","15":"tag-people","16":"tag-tom-cruise"},"share_on_mastodon":{"url":"https:\/\/pubeurope.com\/@fr\/114507759247713427","error":""},"_links":{"self":[{"href":"https:\/\/www.europesays.com\/fr\/wp-json\/wp\/v2\/posts\/100058","targetHints":{"allow":["GET"]}}],"collection":[{"href":"https:\/\/www.europesays.com\/fr\/wp-json\/wp\/v2\/posts"}],"about":[{"href":"https:\/\/www.europesays.com\/fr\/wp-json\/wp\/v2\/types\/post"}],"author":[{"embeddable":true,"href":"https:\/\/www.europesays.com\/fr\/wp-json\/wp\/v2\/users\/2"}],"replies":[{"embeddable":true,"href":"https:\/\/www.europesays.com\/fr\/wp-json\/wp\/v2\/comments?post=100058"}],"version-history":[{"count":0,"href":"https:\/\/www.europesays.com\/fr\/wp-json\/wp\/v2\/posts\/100058\/revisions"}],"wp:featuredmedia":[{"embeddable":true,"href":"https:\/\/www.europesays.com\/fr\/wp-json\/wp\/v2\/media\/100059"}],"wp:attachment":[{"href":"https:\/\/www.europesays.com\/fr\/wp-json\/wp\/v2\/media?parent=100058"}],"wp:term":[{"taxonomy":"category","embeddable":true,"href":"https:\/\/www.europesays.com\/fr\/wp-json\/wp\/v2\/categories?post=100058"},{"taxonomy":"post_tag","embeddable":true,"href":"https:\/\/www.europesays.com\/fr\/wp-json\/wp\/v2\/tags?post=100058"}],"curies":[{"name":"wp","href":"https:\/\/api.w.org\/{rel}","templated":true}]}}