{"id":100070,"date":"2025-05-14T19:13:09","date_gmt":"2025-05-14T19:13:09","guid":{"rendered":"https:\/\/www.europesays.com\/fr\/100070\/"},"modified":"2025-05-14T19:13:09","modified_gmt":"2025-05-14T19:13:09","slug":"de-trop-longues-journees-de-travail-pourraient-avoir-un-impact-negatif-sur-le-cerveau","status":"publish","type":"post","link":"https:\/\/www.europesays.com\/fr\/100070\/","title":{"rendered":"De trop longues journ\u00e9es de travail pourraient avoir un impact n\u00e9gatif sur le cerveau"},"content":{"rendered":"<p>Vous cherchez une excuse imparable pour quitter votre poste plus t\u00f4t\u00a0? Informez votre <a href=\"https:\/\/www.20minutes.fr\/dossier\/patron\" class=\"color-ultramarine c-link\" target=\"_blank\" rel=\"noopener\">patron<\/a> que travailler trop longtemps pourrait alt\u00e9rer la structure de votre <a href=\"https:\/\/www.20minutes.fr\/dossier\/cerveau\" class=\"color-ultramarine c-link\" target=\"_blank\" rel=\"noopener\">cerveau<\/a>. C\u2019est en tout cas ce qui ressort d\u2019une <a href=\"https:\/\/www.20minutes.fr\/dossier\/etude\" class=\"color-ultramarine c-link\" target=\"_blank\" rel=\"noopener\">\u00e9tude <\/a>men\u00e9e par deux <a href=\"https:\/\/www.20minutes.fr\/dossier\/scientifiques\" class=\"color-ultramarine c-link\" target=\"_blank\" rel=\"noopener\">scientifiques <\/a>sud-cor\u00e9ens sur une cohorte de 110 salari\u00e9s du secteur de la <a href=\"https:\/\/www.20minutes.fr\/sante\/\" class=\"color-ultramarine c-link\" target=\"_blank\" rel=\"noopener\">sant\u00e9<\/a>, <a href=\"https:\/\/edition.cnn.com\/2025\/05\/13\/health\/long-working-hours-study-scli-intl-wellness\" rel=\"nofollow noopener\" target=\"_blank\" class=\"color-ultramarine c-link\">rapporte CNN<\/a>.<\/p>\n<p class=\"mb-m@xs text-l@xs\">En cliquant sur\u00ab J\u2019accepte \u00bb, vous acceptez le d\u00e9p\u00f4t de cookies par des services externes et aurez ainsi acc\u00e8s aux contenus de nos partenaires.<\/p>\n<p>J\u2019accepte<\/p>\n<p class=\"mb-m@xs text-l@xs\">Et pour mieux r\u00e9mun\u00e9rer 20 Minutes, n\u2019h\u00e9sitez pas \u00e0 accepter tous les cookies, m\u00eame pour un jour uniquement, via notre bouton\u00ab J\u2019accepte pour aujourd\u2019hui \u00bb dans le bandeau ci-dessous.<\/p>\n<p class=\"mb-xl@xs text-s@xs\">Plus d\u2019informations sur la page<a href=\"https:\/\/www.20minutes.fr\/gestion-cookies\" class=\"mx-xxs@xs color-ultramarine\" target=\"_blank\" rel=\"noopener\">Politique de gestion des cookies<\/a><\/p>\n<p>Effets significatifs dans certaines r\u00e9gions du cerveau<\/p>\n<p>Les chercheurs les ont scind\u00e9s en deux groupes, \u00ab\u00a0surmen\u00e9s\u00a0\u00bb et \u00ab\u00a0non surmen\u00e9s\u00a0\u00bb. Le premier \u00e9tait compos\u00e9 de 32 personnes \u2013 majoritairement plus jeunes, plus qualifi\u00e9es et en <a href=\"https:\/\/www.20minutes.fr\/economie\/emploi\/\" class=\"color-ultramarine c-link\" target=\"_blank\" rel=\"noopener\">emploi <\/a>depuis moins de temps \u2013 totalisant au moins 52 heures de travail hebdomadaires (la limite l\u00e9gale en <a href=\"https:\/\/www.20minutes.fr\/dossier\/coree_du_sud\" class=\"color-ultramarine c-link\" target=\"_blank\" rel=\"noopener\">Cor\u00e9e du Sud<\/a>).<\/p>\n<p>Les scientifiques ont utilis\u00e9 une technique de neuro-imagerie permettant d\u2019analyser le volume c\u00e9r\u00e9bral des <a href=\"https:\/\/www.20minutes.fr\/dossier\/salaries\" class=\"color-ultramarine c-link\" target=\"_blank\" rel=\"noopener\">travailleurs <\/a>et ont conclu que \u00ab\u00a0les \u00ab\u00a0surmen\u00e9s\u00a0\u00bb accusaient des changements significatifs dans les r\u00e9gions du cerveau associ\u00e9es \u00e0 la fonction ex\u00e9cutive et \u00e0 la r\u00e9gulation \u00e9motionnelle, contrairement aux \u00ab\u00a0non surmen\u00e9s\u00a0\u00bb\u00a0\u00bb.<\/p>\n<p>Une relation entre surmenage et sant\u00e9 c\u00e9r\u00e9brale<\/p>\n<p>Leurs r\u00e9sultats sugg\u00e8rent une \u00ab\u00a0potentielle\u00a0\u00bb relation d\u00e9l\u00e9t\u00e8re entre charge de travail accrue et zones du cerveau jouant un r\u00f4le majeur dans les fonctions cognitives, l\u2019attention, la <a href=\"https:\/\/www.20minutes.fr\/dossier\/memoire\" class=\"color-ultramarine c-link\" target=\"_blank\" rel=\"noopener\">m\u00e9moire <\/a>et les processus li\u00e9s au langage, le traitement \u00e9motionnel, la conscience de soi et la compr\u00e9hension du contexte social.<\/p>\n<p>\u00ab\u00a0Bien que les r\u00e9sultats doivent \u00eatre interpr\u00e9t\u00e9s avec prudence en raison de la nature exploratoire de cette \u00e9tude pilote, ils repr\u00e9sentent une premi\u00e8re \u00e9tape significative pour comprendre la relation entre le surmenage et la <a href=\"https:\/\/www.20minutes.fr\/sante\/sante-mentale\/\" class=\"color-ultramarine c-link\" target=\"_blank\" rel=\"noopener\">sant\u00e9 c\u00e9r\u00e9brale<\/a>\u00a0\u00bb, ont d\u00e9clar\u00e9 les chercheurs.<\/p>\n<p><a href=\"https:\/\/www.20minutes.fr\/dossier\/cerveau\" class=\"c-link c-btn c-btn--primary\" target=\"_blank\" rel=\"noopener\">Notre dossier \u00ab Cerveau \u00bb<\/a><\/p>\n<p>Pour autant, Joon Yul Choi, coauteur de l\u2019\u00e9tude et professeur assistant au D\u00e9partement de g\u00e9nie biom\u00e9dical de l\u2019<a href=\"https:\/\/www.20minutes.fr\/dossier\/universite\" class=\"color-ultramarine c-link\" target=\"_blank\" rel=\"noopener\">Universit\u00e9 <\/a>Yonsei, a d\u00e9clar\u00e9 \u00e0 CNN que ces changements pourraient \u00eatre \u00ab\u00a0en partie r\u00e9versibles\u00a0\u00bb si les facteurs de <a href=\"https:\/\/www.20minutes.fr\/dossier\/stress\" class=\"color-ultramarine c-link\" target=\"_blank\" rel=\"noopener\">stress <\/a>environnementaux \u2013 en l\u2019occurrence, une charge de travail trop importante \u2013 sont invers\u00e9s.<\/p>\n","protected":false},"excerpt":{"rendered":"Vous cherchez une excuse imparable pour quitter votre poste plus t\u00f4t\u00a0? Informez votre patron que travailler trop longtemps&hellip;\n","protected":false},"author":2,"featured_media":100071,"comment_status":"","ping_status":"","sticky":false,"template":"","format":"standard","meta":{"footnotes":""},"categories":[10],"tags":[47,231,21488,5640,1011,27,72,142,3725,71,2072,41,3847,5761],"class_list":{"0":"post-100070","1":"post","2":"type-post","3":"status-publish","4":"format-standard","5":"has-post-thumbnail","7":"category-sante","8":"tag-actualite","9":"tag-cerveau","10":"tag-cnn","11":"tag-coree-du-sud","12":"tag-fr","13":"tag-france","14":"tag-health","15":"tag-high-tech","16":"tag-podcast","17":"tag-sante","18":"tag-sante-mentale","19":"tag-sciences","20":"tag-travail","21":"tag-vie-pro"},"share_on_mastodon":{"url":"https:\/\/pubeurope.com\/@fr\/114507782743936245","error":""},"_links":{"self":[{"href":"https:\/\/www.europesays.com\/fr\/wp-json\/wp\/v2\/posts\/100070","targetHints":{"allow":["GET"]}}],"collection":[{"href":"https:\/\/www.europesays.com\/fr\/wp-json\/wp\/v2\/posts"}],"about":[{"href":"https:\/\/www.europesays.com\/fr\/wp-json\/wp\/v2\/types\/post"}],"author":[{"embeddable":true,"href":"https:\/\/www.europesays.com\/fr\/wp-json\/wp\/v2\/users\/2"}],"replies":[{"embeddable":true,"href":"https:\/\/www.europesays.com\/fr\/wp-json\/wp\/v2\/comments?post=100070"}],"version-history":[{"count":0,"href":"https:\/\/www.europesays.com\/fr\/wp-json\/wp\/v2\/posts\/100070\/revisions"}],"wp:featuredmedia":[{"embeddable":true,"href":"https:\/\/www.europesays.com\/fr\/wp-json\/wp\/v2\/media\/100071"}],"wp:attachment":[{"href":"https:\/\/www.europesays.com\/fr\/wp-json\/wp\/v2\/media?parent=100070"}],"wp:term":[{"taxonomy":"category","embeddable":true,"href":"https:\/\/www.europesays.com\/fr\/wp-json\/wp\/v2\/categories?post=100070"},{"taxonomy":"post_tag","embeddable":true,"href":"https:\/\/www.europesays.com\/fr\/wp-json\/wp\/v2\/tags?post=100070"}],"curies":[{"name":"wp","href":"https:\/\/api.w.org\/{rel}","templated":true}]}}