{"id":100082,"date":"2025-05-14T19:19:08","date_gmt":"2025-05-14T19:19:08","guid":{"rendered":"https:\/\/www.europesays.com\/fr\/100082\/"},"modified":"2025-05-14T19:19:08","modified_gmt":"2025-05-14T19:19:08","slug":"trois-petits-tours-et-puis-sen-va-le-passage-eclair-de-tom-cruise-au-festival-de-cannes","status":"publish","type":"post","link":"https:\/\/www.europesays.com\/fr\/100082\/","title":{"rendered":"Trois petits tours et puis s\u2019en va\u2026 Le passage \u00e9clair de Tom Cruise au Festival de Cannes"},"content":{"rendered":"<p>L\u2019acteur embl\u00e9matique de la saga Mission\u00a0: Impossible a d\u00e9barqu\u00e9 sur la Croisette avec toute son \u00e9quipe.<\/p>\n<p class=\"fig-paragraph\">Depuis Top Gun\u00a0: Maverick en 2022, chaque venue de\u00a0<a href=\"http:\/\/madame.lefigaro.fr\/celebrites\/cinema\/pom-klementieff-tom-cruise-est-mon-mentor-20250514\" data-fig-type=\"Article\" data-gtm-custom-categorie=\"navigation\" data-gtm-custom-action=\"crossclick\" data-gtm-custom-label=\"Contextuel\" data-gtm-event=\"customEventSPE\" data-fig-domain=\"MADAME\" target=\"_blank\" rel=\"noopener\">Tom Cruise<\/a>\u00a0au Festival de Cannes ressemble \u00e0 celle d\u2019un furet. Comme dans la comptine, \u00ab\u00a0il court il court. Il est pass\u00e9 par ici, il repassera par l\u00e0\u00a0\u00bb\u2026 L\u2019organisation millim\u00e9tr\u00e9e de l\u2019\u00e9v\u00e9nement rappelle presque celle d\u2019une op\u00e9ration commando.<\/p>\n<p class=\"fig-paragraph\">\u00c0 peine arriv\u00e9s sur la Croisette, les membres de l\u2019\u00e9quipe de The Final Reckoning, le huiti\u00e8me film\u00a0<a href=\"http:\/\/www.lefigaro.fr\/cinema\/tom-cruise-esquive-une-question-sur-les-tarifs-douaniers-de-trump-20250512\" data-fig-type=\"Article\" data-gtm-custom-categorie=\"navigation\" data-gtm-custom-action=\"crossclick\" data-gtm-custom-label=\"Contextuel\" data-gtm-event=\"customEventSPE\" data-fig-domain=\"LEFIGARO\" target=\"_blank\" rel=\"noopener\">Mission\u00a0: Impossible<\/a> , donnent de la voix dans les m\u00e9dias. Justement, au Palais des festivals, le sp\u00e9cialiste de cin\u00e9ma Didier Allouche orchestre un \u00ab\u00a0Rendez-vous avec\u00a0\u00bb le r\u00e9alisateur des quatre derniers films de la saga, Christopher McQuarrie, 55\u00a0ans, sc\u00e9nariste, cin\u00e9aste et producteur.<\/p>\n<p class=\"fig-body-link\">\n            \u00c0 lire aussi<br \/>\n        <a class=\"fig-body-link__link fig-premium-mark\" href=\"http:\/\/www.lefigaro.fr\/cinema\/ethan-hunt-est-de-retour-au-cinema-mission-impossible-la-saga-qui-a-sauve-tom-cruise-20250510\" data-fig-type=\"Article\" data-gtm-custom-categorie=\"navigation\" data-gtm-custom-action=\"crossclick\" data-gtm-custom-label=\"Contextuel\" data-gtm-event=\"customEventSPE\" data-fig-domain=\"LEFIGARO\" target=\"_blank\" rel=\"noopener\">Ethan Hunt est de retour au cin\u00e9ma: Mission Impossible, la saga qui a sauv\u00e9 Tom Cruise<br \/>\n    <\/a>\n<\/p>\n<p class=\"fig-paragraph\">Thierry Fr\u00e9maux pr\u00e9sente celui qui fut le sc\u00e9nariste du film culte Usual Suspects comme un metteur en sc\u00e8ne am\u00e9ricain dans la lign\u00e9e des Howard Hawks ou\u00a0<a href=\"https:\/\/www.lefigaro.fr\/style\/le-grand-alibi-d-alfred-hitchcock-1950-les-diamants-ont-la-vedette-20200723\" data-fig-type=\"Article\" data-gtm-custom-categorie=\"navigation\" data-gtm-custom-action=\"crossclick\" data-gtm-custom-label=\"Contextuel\" data-gtm-event=\"customEventSPE\" data-fig-domain=\"LEFIGARO\" target=\"_blank\" rel=\"noopener\">Alfred Hitchcock<\/a>. \u00ab\u00a0\u00c0 l\u2019\u00e9poque dans les ann\u00e9es 1950, dit-il, les Truffaut, Godard ou Rivette, ces Jeunes-Turcs de la Nouvelle Vague qui travaillaient\u2026<\/p>\n<p class=\"fig-premium-paywall__infos\">\n        Cet article est r\u00e9serv\u00e9 aux abonn\u00e9s.        Il vous reste 85% \u00e0 d\u00e9couvrir.\n    <\/p>\n<p>                <img  data- alt=\"Le Figaro\" class=\"fig-img--complete fig-img\"\/><\/p>\n<p class=\"fig-premium-paywall__title\">Je m&rsquo;informe, je m&rsquo;inspire, je m&rsquo;abonne.<\/p>\n<p class=\"fig-premium-paywall__subtitle\">D\u00e9couvrez notre offre de bienvenue.<\/p>\n<p class=\"fig-premium-paywall__connect\">\n                D\u00e9j\u00e0 abonn\u00e9\u00a0?                <a class=\"fig-premium-paywall__connect-link\" href=\"https:\/\/connect.lefigaro.fr\/login?client=horizon_web&amp;type=main&amp;redirect_uri=https%3A%2F%2Fwww.lefigaro.fr%2Fculture%2Ftrois-petits-tours-et-puis-s-en-va-le-passage-eclair-de-tom-cruise-au-festival-de-cannes-20250514\" data-js-gtm=\"{&quot;customCategorie&quot;: &quot;conversion&quot;, &quot;customAction&quot;: &quot;before_Landing_Connexion_paywall_auto&quot;, &quot;customLabel&quot;: &quot;bGVmaWdhcm8uZnJfXzFmMDMwYTY5LWU4YTMtNjBlYy05NDAxLWYzODhjYzE5NzUzMV9fQXJ0aWNsZQ==_Trois petits tours et puis s\u2019en va\u2026 Le passage \u00e9clair de Tom Cruise au Festival de Cannes_298&quot;, &quot;customIDSPE&quot;: &quot;bGVmaWdhcm8uZnJfXzFmMDMwYTY5LWU4YTMtNjBlYy05NDAxLWYzODhjYzE5NzUzMV9fQXJ0aWNsZQ==&quot;, &quot;event&quot;: &quot;customEventSPE&quot;}\" target=\"_blank\" rel=\"noopener\"><br \/>\n                    Connectez-vous<br \/>\n                <\/a>\n            <\/p>\n","protected":false},"excerpt":{"rendered":"L\u2019acteur embl\u00e9matique de la saga Mission\u00a0: Impossible a d\u00e9barqu\u00e9 sur la Croisette avec toute son \u00e9quipe. Depuis Top&hellip;\n","protected":false},"author":2,"featured_media":100083,"comment_status":"","ping_status":"","sticky":false,"template":"","format":"standard","meta":{"footnotes":""},"categories":[4],"tags":[47,11,1350,1348,1345,650,251,1349,5634,1346,1011,27,1351,873,12,25,252,1347,6834,1352],"class_list":{"0":"post-100082","1":"post","2":"type-post","3":"status-publish","4":"format-standard","5":"has-post-thumbnail","7":"category-france","8":"tag-actualite","9":"tag-actualites","10":"tag-architecture","11":"tag-arts","12":"tag-cine","13":"tag-cinema","14":"tag-culture","15":"tag-expositions","16":"tag-festival-de-cannes","17":"tag-films","18":"tag-fr","19":"tag-france","20":"tag-litterature","21":"tag-musique","22":"tag-news","23":"tag-republique-francaise","24":"tag-television","25":"tag-theatre","26":"tag-tom-cruise","27":"tag-urbanisme"},"share_on_mastodon":{"url":"https:\/\/pubeurope.com\/@fr\/114507806463568686","error":""},"_links":{"self":[{"href":"https:\/\/www.europesays.com\/fr\/wp-json\/wp\/v2\/posts\/100082","targetHints":{"allow":["GET"]}}],"collection":[{"href":"https:\/\/www.europesays.com\/fr\/wp-json\/wp\/v2\/posts"}],"about":[{"href":"https:\/\/www.europesays.com\/fr\/wp-json\/wp\/v2\/types\/post"}],"author":[{"embeddable":true,"href":"https:\/\/www.europesays.com\/fr\/wp-json\/wp\/v2\/users\/2"}],"replies":[{"embeddable":true,"href":"https:\/\/www.europesays.com\/fr\/wp-json\/wp\/v2\/comments?post=100082"}],"version-history":[{"count":0,"href":"https:\/\/www.europesays.com\/fr\/wp-json\/wp\/v2\/posts\/100082\/revisions"}],"wp:featuredmedia":[{"embeddable":true,"href":"https:\/\/www.europesays.com\/fr\/wp-json\/wp\/v2\/media\/100083"}],"wp:attachment":[{"href":"https:\/\/www.europesays.com\/fr\/wp-json\/wp\/v2\/media?parent=100082"}],"wp:term":[{"taxonomy":"category","embeddable":true,"href":"https:\/\/www.europesays.com\/fr\/wp-json\/wp\/v2\/categories?post=100082"},{"taxonomy":"post_tag","embeddable":true,"href":"https:\/\/www.europesays.com\/fr\/wp-json\/wp\/v2\/tags?post=100082"}],"curies":[{"name":"wp","href":"https:\/\/api.w.org\/{rel}","templated":true}]}}