{"id":100084,"date":"2025-05-14T19:20:10","date_gmt":"2025-05-14T19:20:10","guid":{"rendered":"https:\/\/www.europesays.com\/fr\/100084\/"},"modified":"2025-05-14T19:20:10","modified_gmt":"2025-05-14T19:20:10","slug":"un-rond-point-inonde-pres-de-brest-et-des-grelons-sur-la-rn-12","status":"publish","type":"post","link":"https:\/\/www.europesays.com\/fr\/100084\/","title":{"rendered":"un rond-point inond\u00e9 pr\u00e8s de Brest et des gr\u00ealons sur la RN 12"},"content":{"rendered":"<p>            Par<br \/>\n        <strong><br \/>\n            <a href=\"https:\/\/actu.fr\/auteur\/redaction-cotebrest\" title=\"Consulter tous les articles de R\u00e9daction C\u00f4t\u00e9 Brest\" target=\"_blank\" rel=\"noopener\">R\u00e9daction C\u00f4t\u00e9 Brest<\/a><br \/>\n        <\/strong><\/p>\n<p>        Publi\u00e9 le<\/p>\n<p>            14 mai 2025 \u00e0 18h14        <\/p>\n<p>Alors que le ciel \u00e9tait radieux en fin de matin\u00e9e et les routes d\u00e9gag\u00e9es, la m\u00e9t\u00e9o s\u2019est soudainement d\u00e9grad\u00e9e en milieu d\u2019apr\u00e8s-midi ce mercredi 14 mai. De <b>forts orages accompagn\u00e9s d\u2019averses impressionnantes<\/b> ont notamment inond\u00e9 le rond-point de Kervao, pr\u00e8s de <b>Brest <\/b>comme nous le montre cette vid\u00e9o publi\u00e9e sur le <a href=\"https:\/\/www.facebook.com\/Brestinfo?locale=fr_FR\" target=\"_blank\" rel=\"noopener\">groupe Facebook Brest Info<\/a>.<\/p>\n<p>Des orages annonc\u00e9s<\/p>\n<p class=\" wall-content\">Des <a href=\"https:\/\/actu.fr\/tag\/orages\" target=\"_blank\" rel=\"noopener\">orages<\/a> \u00e9taient en effet annonc\u00e9s par <a href=\"https:\/\/www.meteo.bzh\/\" target=\"_blank\" rel=\"noopener\">M\u00e9t\u00e9o Bretagne<\/a>, avec jusqu\u2019\u00e0 <b>30 mm de pluie localement<\/b>, dans les secteurs du L\u00e9on, des monts d\u2019Arr\u00e9e, M\u00e9n\u00e9, Pourlet, le Pays de Pontivy, de Loud\u00e9ac, entre autres.<\/p>\n<p>    <a href=\"https:\/\/www.facebook.com\/plugins\/video.php?height=476&amp;href=https%3A%2F%2Fwww.facebook.com%2FBrestinfo%2Fvideos%2F1078695137650653%2F&amp;show_text=true&amp;width=350&amp;t=0\" title=\"Ouvrie le lien\" target=\"_blank\" rel=\"noopener\">Cliquez ici pour visualiser le contenu<\/a><\/p>\n<p>    <a href=\"https:\/\/www.facebook.com\/plugins\/video.php?height=476&amp;href=https%3A%2F%2Fwww.facebook.com%2FMeteoExpress%2Fvideos%2F715818910954955%2F&amp;show_text=true&amp;width=350&amp;t=0\" title=\"Ouvrie le lien\" target=\"_blank\" rel=\"noopener\">Cliquez ici pour visualiser le contenu<\/a><\/p>\n<p>Une couche blanche de gr\u00ealons<\/p>\n<p class=\" wall-content\">Quelques kilom\u00e8tres plus loin, sur la RN 12, au niveau de la sortie de <b>Kersaint-Plabennec<\/b>, la route s\u2019est par\u00e9e d\u2019une<b> couche blanche<\/b>, due aux <b>gr\u00ealons <\/b>tomb\u00e9s en abondance. De quoi surprendre les automobilistes, forc\u00e9s de <b>rouler au pas<\/b>, dont les vid\u00e9os ont \u00e9galement circul\u00e9 sur Brest info, ainsi que les comptes <a href=\"https:\/\/www.facebook.com\/MeteoExpress?locale=fr_FR\" target=\"_blank\" rel=\"noopener\">M\u00e9t\u00e9o Express<\/a> et <a href=\"https:\/\/www.facebook.com\/profile.php?id=61558051888132&amp;locale=fr_FR\" target=\"_blank\" rel=\"noopener\">Temps Breton<\/a>.<\/p>\n<p>    <a href=\"https:\/\/www.facebook.com\/plugins\/post.php?href=https%3A%2F%2Fwww.facebook.com%2FBrestinfo%2Fposts%2Fpfbid02Du71zLND9Re6Bb24u6BUW2XWaQFdHGApDoeHbAx3dTwibiaWJzFT6yT2nYFDeHNel&amp;show_text=true&amp;width=350\" title=\"Ouvrie le lien\" target=\"_blank\" rel=\"noopener\">Cliquez ici pour visualiser le contenu<\/a><\/p>\n<p>Vid\u00e9os : en ce moment sur Actu<br \/>\n    <a href=\"https:\/\/www.facebook.com\/plugins\/video.php?height=476&amp;href=https%3A%2F%2Fwww.facebook.com%2F61558051888132%2Fvideos%2F1028043655992304%2F&amp;show_text=true&amp;width=350&amp;t=0\" title=\"Ouvrie le lien\" target=\"_blank\" rel=\"noopener\">Cliquez ici pour visualiser le contenu<\/a><\/p>\n<p class=\" wall-content\">Le <b>soleil a finalement fait son retour<\/b> en fin d\u2019apr\u00e8s-midi et devrait s\u2019installer pour le reste de la semaine.<\/p>\n<p class=\" wall-content\">Suivez toute l\u2019actualit\u00e9 de vos villes et m\u00e9dias favoris en vous inscrivant \u00e0 <a href=\"https:\/\/moncompte.actu.fr\" title=\"D\u00e9couvez Mon Actu\" rel=\"nofollow noopener\" data-trk=\"{&quot;cta&quot;:{&quot;action&quot;:&quot;https:\\\/\\\/moncompte.actu.fr&quot;,&quot;category&quot;:&quot;mon compte&quot;,&quot;from&quot;:&quot;article footer&quot;,&quot;name&quot;:&quot;Mon actu&quot;,&quot;type&quot;:&quot;cta&quot;}}\" target=\"_blank\">Mon Actu<\/a>.<\/p>\n","protected":false},"excerpt":{"rendered":"Par R\u00e9daction C\u00f4t\u00e9 Brest Publi\u00e9 le 14 mai 2025 \u00e0 18h14 Alors que le ciel \u00e9tait radieux en&hellip;\n","protected":false},"author":2,"featured_media":100085,"comment_status":"","ping_status":"","sticky":false,"template":"","format":"standard","meta":{"footnotes":""},"categories":[2],"tags":[11,1011,27,2357,12,4594,104],"class_list":{"0":"post-100084","1":"post","2":"type-post","3":"status-publish","4":"format-standard","5":"has-post-thumbnail","7":"category-actualites","8":"tag-actualites","9":"tag-fr","10":"tag-france","11":"tag-meteo-france","12":"tag-news","13":"tag-orages","14":"tag-societe"},"share_on_mastodon":{"url":"https:\/\/pubeurope.com\/@fr\/114507810309694971","error":""},"_links":{"self":[{"href":"https:\/\/www.europesays.com\/fr\/wp-json\/wp\/v2\/posts\/100084","targetHints":{"allow":["GET"]}}],"collection":[{"href":"https:\/\/www.europesays.com\/fr\/wp-json\/wp\/v2\/posts"}],"about":[{"href":"https:\/\/www.europesays.com\/fr\/wp-json\/wp\/v2\/types\/post"}],"author":[{"embeddable":true,"href":"https:\/\/www.europesays.com\/fr\/wp-json\/wp\/v2\/users\/2"}],"replies":[{"embeddable":true,"href":"https:\/\/www.europesays.com\/fr\/wp-json\/wp\/v2\/comments?post=100084"}],"version-history":[{"count":0,"href":"https:\/\/www.europesays.com\/fr\/wp-json\/wp\/v2\/posts\/100084\/revisions"}],"wp:featuredmedia":[{"embeddable":true,"href":"https:\/\/www.europesays.com\/fr\/wp-json\/wp\/v2\/media\/100085"}],"wp:attachment":[{"href":"https:\/\/www.europesays.com\/fr\/wp-json\/wp\/v2\/media?parent=100084"}],"wp:term":[{"taxonomy":"category","embeddable":true,"href":"https:\/\/www.europesays.com\/fr\/wp-json\/wp\/v2\/categories?post=100084"},{"taxonomy":"post_tag","embeddable":true,"href":"https:\/\/www.europesays.com\/fr\/wp-json\/wp\/v2\/tags?post=100084"}],"curies":[{"name":"wp","href":"https:\/\/api.w.org\/{rel}","templated":true}]}}