{"id":1000840,"date":"2026-06-15T04:12:12","date_gmt":"2026-06-15T04:12:12","guid":{"rendered":"https:\/\/www.europesays.com\/fr\/1000840\/"},"modified":"2026-06-15T04:12:12","modified_gmt":"2026-06-15T04:12:12","slug":"meteo-les-previsions-meteorologiques-du-lundi-15-juin-2026-a-vitry-sur-seine-et-ses-environs","status":"publish","type":"post","link":"https:\/\/www.europesays.com\/fr\/1000840\/","title":{"rendered":"M\u00e9t\u00e9o. Les pr\u00e9visions m\u00e9t\u00e9orologiques du lundi 15 juin 2026 \u00e0 Vitry-sur-Seine et ses environs"},"content":{"rendered":"<p>La matin\u00e9e du lundi 15 juin 2026 commencera sous un ciel d\u00e9gag\u00e9, avant qu\u2019un voile nuageux plus marqu\u00e9 ne s\u2019installe en d\u00e9but de journ\u00e9e, puis ne laisse place \u00e0 un ciel peu nuageux en fin de matin\u00e9e. Dans ce contexte, les temp\u00e9ratures progresseront de 15 \u00e0 21 \u00b0C. Le vent soufflera autour de 10 km\/h, avec des rafales pouvant atteindre 25 km\/h, s\u2019orientant de l\u2019Est vers l\u2019Est-Sud-Est. L\u2019humidit\u00e9 diminuera au fil des heures.<\/p>\n<p>L\u2019apr\u00e8s-midi prolongera cette tendance au r\u00e9chauffement, avec une hausse des temp\u00e9ratures, passant d\u2019un niveau mod\u00e9r\u00e9 en d\u00e9but de p\u00e9riode \u00e0 des valeurs proches de 29 \u00b0C en fin de journ\u00e9e. Le ciel alternera entre passages nuageux, voile de nuages \u00e9lev\u00e9s puis \u00e9claircies temporaires, avant de se couvrir durablement \u00e0 partir du milieu d\u2019apr\u00e8s-midi. Le vent, proche de 10 km\/h, basculera de l\u2019Est-Sud-Est vers le Sud-Ouest puis l\u2019Ouest-Sud-Ouest, avec des rafales pouvant atteindre 25 km\/h. L\u2019humidit\u00e9 baissera puis se stabilisera.<\/p>\n<p>En soir\u00e9e, la chaleur observ\u00e9e en fin d\u2019apr\u00e8s-midi se maintiendra autour de 29 \u00b0C en d\u00e9but de p\u00e9riode avant de s\u2019att\u00e9nuer vers 26 \u00b0C en fin de nuit. Le ciel restera enti\u00e8rement couvert sans variation notable, tandis que l\u2019humidit\u00e9 augmentera l\u00e9g\u00e8rement en premi\u00e8re partie de soir\u00e9e avant de se stabiliser. Le vent, d\u2019abord faible autour de 5 km\/h, se renforcera bri\u00e8vement jusqu\u2019\u00e0 15 km\/h avec des rafales marqu\u00e9es, puis restera mod\u00e9r\u00e9 entre l\u2019Ouest-Sud-Ouest et le Sud-Est.<\/p>\n<p>Au cours de la nuit, la masse d\u2019air conservera un caract\u00e8re lourd, avec une temp\u00e9rature proche de 25 \u00b0C en d\u00e9but de p\u00e9riode, ne reculant que vers 23 \u00b0C avant l\u2019aube, puis remontant \u00e0 24 \u00b0C. Le vent, d\u2019abord orient\u00e9 Sud-Est puis Est-Sud-Est, gardera une vitesse voisine de 10 km\/h avant de se renforcer \u00e0 15 km\/h en se tournant vers le Sud puis le Sud-Sud-Ouest, avec des rafales pouvant atteindre 30 km\/h. Le ciel demeurera couvert et l\u2019humidit\u00e9 restera stable.<\/p>\n<p>Demain, mardi, dans la continuit\u00e9 de cette nuit nuageuse, la journ\u00e9e d\u00e9butera sous un ciel uniform\u00e9ment couvert avec une temp\u00e9rature d\u00e9j\u00e0 douce, se rafra\u00eechissant l\u00e9g\u00e8rement en d\u00e9but de matin\u00e9e avant de remonter pour atteindre environ 27 \u00b0C en fin d\u2019apr\u00e8s-midi. Le vent, d\u2019abord orient\u00e9 au Nord-Ouest, basculera vers l\u2019Ouest-Nord-Ouest en cours de journ\u00e9e, avec des vitesses entre 10 et 20 km\/h et des rafales pouvant atteindre 35 km\/h. L\u2019humidit\u00e9, marqu\u00e9e le matin, baissera nettement l\u2019apr\u00e8s-midi.<\/p>\n<p><a href=\"https:\/\/www.ouest-france.fr\/meteo\/ile-de-france\/vitry-sur-seine-94400\/\" rel=\"nofollow noopener\" target=\"_blank\">Suivez la m\u00e9t\u00e9o de votre commune en temps r\u00e9el<\/a><\/p>\n<p>Ouest-France vous donne \u00e9galement la possibilit\u00e9 de conna\u00eetre la m\u00e9t\u00e9o de votre commune, heure par heure, sur notre page m\u00e9t\u00e9o d\u00e9di\u00e9e<\/p>\n","protected":false},"excerpt":{"rendered":"La matin\u00e9e du lundi 15 juin 2026 commencera sous un ciel d\u00e9gag\u00e9, avant qu\u2019un voile nuageux plus marqu\u00e9&hellip;\n","protected":false},"author":2,"featured_media":983519,"comment_status":"","ping_status":"","sticky":false,"template":"","format":"standard","meta":{"footnotes":"","_share_on_mastodon":"0"},"categories":[1888],"tags":[11,24583,50925,1777,674,1011,27,90557,24588,12,16483,626,25,90558,12654],"class_list":["post-1000840","post","type-post","status-publish","format-standard","has-post-thumbnail","category-paris","tag-actualites","tag-alfortville","tag-choisy-le-roi","tag-eu","tag-europe","tag-fr","tag-france","tag-lhay-les-roses","tag-maisons-alfort","tag-news","tag-orly","tag-paris","tag-republique-francaise","tag-thiais","tag-vitry-sur-seine"],"share_on_mastodon":{"url":"https:\/\/pubeurope.com\/@fr\/116752177431790889","error":""},"_links":{"self":[{"href":"https:\/\/www.europesays.com\/fr\/wp-json\/wp\/v2\/posts\/1000840","targetHints":{"allow":["GET"]}}],"collection":[{"href":"https:\/\/www.europesays.com\/fr\/wp-json\/wp\/v2\/posts"}],"about":[{"href":"https:\/\/www.europesays.com\/fr\/wp-json\/wp\/v2\/types\/post"}],"author":[{"embeddable":true,"href":"https:\/\/www.europesays.com\/fr\/wp-json\/wp\/v2\/users\/2"}],"replies":[{"embeddable":true,"href":"https:\/\/www.europesays.com\/fr\/wp-json\/wp\/v2\/comments?post=1000840"}],"version-history":[{"count":0,"href":"https:\/\/www.europesays.com\/fr\/wp-json\/wp\/v2\/posts\/1000840\/revisions"}],"wp:featuredmedia":[{"embeddable":true,"href":"https:\/\/www.europesays.com\/fr\/wp-json\/wp\/v2\/media\/983519"}],"wp:attachment":[{"href":"https:\/\/www.europesays.com\/fr\/wp-json\/wp\/v2\/media?parent=1000840"}],"wp:term":[{"taxonomy":"category","embeddable":true,"href":"https:\/\/www.europesays.com\/fr\/wp-json\/wp\/v2\/categories?post=1000840"},{"taxonomy":"post_tag","embeddable":true,"href":"https:\/\/www.europesays.com\/fr\/wp-json\/wp\/v2\/tags?post=1000840"}],"curies":[{"name":"wp","href":"https:\/\/api.w.org\/{rel}","templated":true}]}}