{"id":100086,"date":"2025-05-14T19:21:33","date_gmt":"2025-05-14T19:21:33","guid":{"rendered":"https:\/\/www.europesays.com\/fr\/100086\/"},"modified":"2025-05-14T19:21:33","modified_gmt":"2025-05-14T19:21:33","slug":"roche-la-moliere-jean-paul-henry-un-pilier-de-lassociation-amiproche","status":"publish","type":"post","link":"https:\/\/www.europesays.com\/fr\/100086\/","title":{"rendered":"Roche-la-Moli\u00e8re. Jean-Paul Henry, un pilier de l\u2019association Amiproche"},"content":{"rendered":"<p>\u00c0 76 ans, Jean-Paul Henry reste passionn\u00e9 par l\u2019Histoire et la g\u00e9n\u00e9alogie. \u00ab\u00a0Quand je me suis mari\u00e9, j\u2019ai voulu comprendre comment \u00e9taient compos\u00e9es la famille de mon \u00e9pouse ainsi que la mienne. J\u2019avais d\u00e9j\u00e0 le go\u00fbt de l\u2019Histoire, cela l\u2019a renforc\u00e9. Je suis remont\u00e9 jusqu\u2019au XVIe \u00a0si\u00e8cle pour ma famille personnelle et avant Charlemagne pour celle de ma femme\u00a0\u00bb, indique-t-il.<\/p>\n<p>En 2001, naissance de l\u2019association Amiproche<\/p>\n<p>En 1978, il cr\u00e9e l\u2019Association&#8230;<\/p>\n","protected":false},"excerpt":{"rendered":"\u00c0 76 ans, Jean-Paul Henry reste passionn\u00e9 par l\u2019Histoire et la g\u00e9n\u00e9alogie. \u00ab\u00a0Quand je me suis mari\u00e9, j\u2019ai&hellip;\n","protected":false},"author":2,"featured_media":100087,"comment_status":"","ping_status":"","sticky":false,"template":"","format":"standard","meta":{"footnotes":""},"categories":[9653],"tags":[1111,11,2430,7539,1777,674,1011,27,12,25,12490,12491,4001,104,1631],"class_list":{"0":"post-100086","1":"post","2":"type-post","3":"status-publish","4":"format-standard","5":"has-post-thumbnail","7":"category-saint-etienne","8":"tag-actu","9":"tag-actualites","10":"tag-auvergne-rhone-alpes","11":"tag-edition-loire-sud","12":"tag-eu","13":"tag-europe","14":"tag-fr","15":"tag-france","16":"tag-news","17":"tag-republique-francaise","18":"tag-roche-la-moliere","19":"tag-roche-la-moliere-bassin","20":"tag-saint-etienne","21":"tag-societe","22":"tag-vie-associative"},"share_on_mastodon":{"url":"https:\/\/pubeurope.com\/@fr\/114507814314100434","error":""},"_links":{"self":[{"href":"https:\/\/www.europesays.com\/fr\/wp-json\/wp\/v2\/posts\/100086","targetHints":{"allow":["GET"]}}],"collection":[{"href":"https:\/\/www.europesays.com\/fr\/wp-json\/wp\/v2\/posts"}],"about":[{"href":"https:\/\/www.europesays.com\/fr\/wp-json\/wp\/v2\/types\/post"}],"author":[{"embeddable":true,"href":"https:\/\/www.europesays.com\/fr\/wp-json\/wp\/v2\/users\/2"}],"replies":[{"embeddable":true,"href":"https:\/\/www.europesays.com\/fr\/wp-json\/wp\/v2\/comments?post=100086"}],"version-history":[{"count":0,"href":"https:\/\/www.europesays.com\/fr\/wp-json\/wp\/v2\/posts\/100086\/revisions"}],"wp:featuredmedia":[{"embeddable":true,"href":"https:\/\/www.europesays.com\/fr\/wp-json\/wp\/v2\/media\/100087"}],"wp:attachment":[{"href":"https:\/\/www.europesays.com\/fr\/wp-json\/wp\/v2\/media?parent=100086"}],"wp:term":[{"taxonomy":"category","embeddable":true,"href":"https:\/\/www.europesays.com\/fr\/wp-json\/wp\/v2\/categories?post=100086"},{"taxonomy":"post_tag","embeddable":true,"href":"https:\/\/www.europesays.com\/fr\/wp-json\/wp\/v2\/tags?post=100086"}],"curies":[{"name":"wp","href":"https:\/\/api.w.org\/{rel}","templated":true}]}}