{"id":1000889,"date":"2026-06-15T04:45:16","date_gmt":"2026-06-15T04:45:16","guid":{"rendered":"https:\/\/www.europesays.com\/fr\/1000889\/"},"modified":"2026-06-15T04:45:16","modified_gmt":"2026-06-15T04:45:16","slug":"cest-maintenant-que-ca-se-joue-les-maires-de-lille-rennes-grenoble-et-nimes-appellent-a-lunion-a-gauche-en-vue-de-la-presidentielle","status":"publish","type":"post","link":"https:\/\/www.europesays.com\/fr\/1000889\/","title":{"rendered":"\u00abC\u2019est maintenant que \u00e7a se joue\u00bb : les maires de Lille, Rennes, Grenoble et N\u00eemes appellent \u00e0 l\u2019union \u00e0 gauche en vue de la pr\u00e9sidentielle"},"content":{"rendered":"<p class=\"sc-cPiKLX AiZTS text-element\">Bient\u00f4t trois mois qu\u2019ils ont \u00e9t\u00e9 \u00e9lus ou r\u00e9\u00e9lus \u00e0 la t\u00eate de leur ville et gr\u00e2ce \u00e0, souvent, de larges coalitions. Parfois c\u2019est un(e) socialiste qui tirait l\u2019attelage, parfois un(e) \u00e9cologiste ou un communiste. Les maires de gauche ont pu penser que leur r\u00e9ussite pouvait influer sur leurs responsables nationaux en vue de 2027. Las, l\u2019union de la gauche non m\u00e9lenchoniste n\u2019a jamais sembl\u00e9 aussi impossible \u00e0 moins d\u2019un an du premier tour de la pr\u00e9sidentielle. Lib\u00e9ration est all\u00e9 sond\u00e9 les maires de Rennes, N\u00eemes, Grenoble et Lille et leur a demand\u00e9 leur avis sur l\u2019\u00e9tat de sant\u00e9 de leurs familles politiques. Le constat est rude mais loin d\u2019\u00eatre d\u00e9sesp\u00e9r\u00e9.<\/p>\n<p class=\"sc-cPiKLX AiZTS text-element\">\u00abJe partage l\u2019inqui\u00e9tude, l\u2019h\u00e9sitation et le questionnement qui traversent le peuple de gauche. Il attend de nous de l\u2019unit\u00e9. Nous avons bien vu aux deux derni\u00e8res \u00e9lections combien ils exigeaient de pouvoir mettre dans l\u2019urne, de fa\u00e7on enthousiaste, un bulletin \u201cunion de la gauche\u201d. Je ne pense pas avoir la recette magique. Mais avec beaucoup d\u2019humilit\u00e9, je peux t\u00e9moigner de <a href=\"https:\/\/www.liberation.fr\/politique\/elections\/municipales-a-rennes-nathalie-appere-sereine-avec-son-pari-anti-lfi-20260320_D7VBNILVCFH43OLTXIBZFWVZWM\/\" target=\"_blank\" rel=\"noreferrer nofollow noopener\" title=\"https:\/\/www.liberation.fr\/politique\/elections\/municipales-a-rennes-nathalie-appere-sereine-avec-son-pari-anti-lfi-20260320_D7VBNILVCFH43OLTXIBZFWVZWM\/\">la d\u00e9marche que nous avons entrepris \u00e0 Rennes, aux municipales<\/a>.<\/p>\n<p class=\"sc-cPiKLX AiZTS text-element\">\u00abDans un moment o\u00f9 l\u2019on constat<\/p>\n","protected":false},"excerpt":{"rendered":"Bient\u00f4t trois mois qu\u2019ils ont \u00e9t\u00e9 \u00e9lus ou r\u00e9\u00e9lus \u00e0 la t\u00eate de leur ville et gr\u00e2ce \u00e0,&hellip;\n","protected":false},"author":2,"featured_media":1000890,"comment_status":"","ping_status":"","sticky":false,"template":"","format":"standard","meta":{"footnotes":"","_share_on_mastodon":"0"},"categories":[4],"tags":[11,3079,1011,27,18019,12,429,25],"class_list":["post-1000889","post","type-post","status-publish","format-standard","has-post-thumbnail","category-france","tag-actualites","tag-election-presidentielle-2027","tag-fr","tag-france","tag-gauche-les-grands-travaux-pour-2027","tag-news","tag-ps","tag-republique-francaise"],"share_on_mastodon":{"url":"https:\/\/pubeurope.com\/@fr\/116752307201295479","error":""},"_links":{"self":[{"href":"https:\/\/www.europesays.com\/fr\/wp-json\/wp\/v2\/posts\/1000889","targetHints":{"allow":["GET"]}}],"collection":[{"href":"https:\/\/www.europesays.com\/fr\/wp-json\/wp\/v2\/posts"}],"about":[{"href":"https:\/\/www.europesays.com\/fr\/wp-json\/wp\/v2\/types\/post"}],"author":[{"embeddable":true,"href":"https:\/\/www.europesays.com\/fr\/wp-json\/wp\/v2\/users\/2"}],"replies":[{"embeddable":true,"href":"https:\/\/www.europesays.com\/fr\/wp-json\/wp\/v2\/comments?post=1000889"}],"version-history":[{"count":0,"href":"https:\/\/www.europesays.com\/fr\/wp-json\/wp\/v2\/posts\/1000889\/revisions"}],"wp:featuredmedia":[{"embeddable":true,"href":"https:\/\/www.europesays.com\/fr\/wp-json\/wp\/v2\/media\/1000890"}],"wp:attachment":[{"href":"https:\/\/www.europesays.com\/fr\/wp-json\/wp\/v2\/media?parent=1000889"}],"wp:term":[{"taxonomy":"category","embeddable":true,"href":"https:\/\/www.europesays.com\/fr\/wp-json\/wp\/v2\/categories?post=1000889"},{"taxonomy":"post_tag","embeddable":true,"href":"https:\/\/www.europesays.com\/fr\/wp-json\/wp\/v2\/tags?post=1000889"}],"curies":[{"name":"wp","href":"https:\/\/api.w.org\/{rel}","templated":true}]}}