{"id":100090,"date":"2025-05-14T19:23:25","date_gmt":"2025-05-14T19:23:25","guid":{"rendered":"https:\/\/www.europesays.com\/fr\/100090\/"},"modified":"2025-05-14T19:23:25","modified_gmt":"2025-05-14T19:23:25","slug":"le-prix-a-payer-pour-amenager-le-futur-espace-carnot-leopold","status":"publish","type":"post","link":"https:\/\/www.europesays.com\/fr\/100090\/","title":{"rendered":"le prix \u00e0 payer pour am\u00e9nager le futur espace Carnot-L\u00e9opold"},"content":{"rendered":"<p>Sept hectares. \u00ab\u00a0Soit l\u2019un des plus grands ensembles urbains \u00e0 m\u00e9tamorphoser en c\u0153ur de ville aujourd\u2019hui en France.\u00a0\u00bb Sept hectares\u2026 C\u2019est \u00e9norme, pour une \u00e9pine dans le pied\u00a0! La taille de la <a href=\"https:\/\/www.estrepublicain.fr\/edition-nancy-et-agglomeration\/2020\/06\/10\/savez-vous-quel-etait-l-ancien-nom-de-la-place-carnot\" target=\"_blank\" rel=\"noopener\">place Carnot<\/a> associ\u00e9e au cours L\u00e9opold, l\u2019un des lieux les moins accueillants de Nancy.<\/p>\n<p class=\"txt\">[La place Carnot et le cours L\u00e9opold forment] un ensemble qu&rsquo;on peut \u00eatre amen\u00e9 \u00e0 traverser, mais sur lequel on n&rsquo;a aucune envie de s&rsquo;attarder.<\/p>\n<p class=\"nom\"><a href=\"https:\/\/www.estrepublicain.fr\/p\/mathieu-klein\" target=\"_blank\" rel=\"noopener\">Mathieu Klein<\/a>, maire de Nancy<\/p>\n<p>\u00ab\u00a0Un <a href=\"https:\/\/www.estrepublicain.fr\/culture-loisirs\/2024\/01\/14\/avant-leur-requalification-la-place-carnot-et-le-cours-leopold-devoilent-leurs-secrets-lors-d-une-visite-touristique\" target=\"_blank\" rel=\"noopener\">ensemble qu\u2019on peut \u00eatre amen\u00e9 \u00e0 traverser<\/a>, mais sur lequel on n\u2019a aucune envie de s\u2019attarder.\u00a0\u00bb Et c\u2019est le maire Mathieu Klein lui-m\u00eame qui le dit. Ce m\u00eame maire qui, candidat, s\u2019\u00e9tait engag\u00e9 \u00e0 en faire une for\u00eat urbaine.<\/p>\n<p>Finalement, pas de for\u00eat \u00e0 esp\u00e9rer. Pour des raisons techniques autant que diplomatiques. Les <a href=\"https:\/\/www.estrepublicain.fr\/culture-loisirs\/2025\/03\/20\/la-foire-attractive-prend-ses-quartiers-a-nancy\" target=\"_blank\" rel=\"noopener\">forains, qui occupent cette place un mois par an au printemps,<\/a> n\u2019ont aucune intention en effet de laisser le champ libre \u00e0 l\u2019imaginaire, f\u00fbt-il \u00e9cologique. Leur priorit\u00e9 \u00e0 eux, est avant tout \u00e9conomique. Idem d\u2019ailleurs pour le <a href=\"https:\/\/www.estrepublicain.fr\/culture-loisirs\/2024\/10\/17\/le-cirque-arlette-gruss-celebre-ses-40-ans-sur-la-place-carnot\" target=\"_blank\" rel=\"noopener\">cirque Gr\u00fcss<\/a> qui y a ses habitudes \u00e0 l\u2019automne.<\/p>\n<p>Et la municipalit\u00e9 a bien d\u00fb composer avec cette r\u00e9alit\u00e9\u2026 Sans parler des demandes des cyclistes, des riverains, des automobilistes, des promeneurs,\u00a0etc. Des attentes multiples, parfois contradictoires, ou du moins difficilement conciliables, que n\u2019ont pas manqu\u00e9 de faire remonter le <a href=\"https:\/\/www.estrepublicain.fr\/politique\/2024\/02\/19\/futur-espace-carnot-leopold-ecologique-et-responsable-les-propositions-citoyennes-adressees-au-conseil\" target=\"_blank\" rel=\"noopener\">comit\u00e9 citoyen<\/a> et ses 50 habitants volontaires invit\u00e9s \u00e0 phosphorer depuis 2023.<\/p>\n<p>  Pelouse en perspective<\/p>\n<p>Quatre priorit\u00e9s ont ainsi \u00e9t\u00e9 d\u00e9gag\u00e9es, soumises \u00e0 l\u2019agence d\u2019architecture Lerclercq et Associ\u00e9s, charg\u00e9e de r\u00e9soudre la quadrature du cercle. En a d\u00e9coul\u00e9 un plan d\u2019am\u00e9nagements, qui nous projette sur les sept prochaines ann\u00e9es\u00a0!<\/p>\n<p>La m\u00e9tamorphose, \u00e0 proprement parler, ne s\u2019amorcera qu\u2019en 2028, pour s\u2019achever en 2032. Pour un budget annonc\u00e9 aujourd\u2019hui de 38\u00a0M\u20ac d\u2019euros au total (dont 18\u00a0M\u20ac \u00e0 la M\u00e9tropole). \u00c0 ce prix, on peut s\u2019attendre \u00e0 une \u00e9volution substantielle en effet. En voici les grandes lignes annonc\u00e9es, d\u00e9clin\u00e9es priorit\u00e9 par priorit\u00e9.<\/p>\n<p>\u00ab Un quart de la surface est v\u00e9g\u00e9talis\u00e9, pour trois-quarts imperm\u00e9abilis\u00e9s. On voudrait inverser la tendance, du moins s&rsquo;en approcher.\u00a0\u00bb<\/p>\n<p>\u25b6 \u2002 <strong>V\u00e9g\u00e9talisation.<\/strong> \u00ab\u00a0Aujourd\u2019hui, on consid\u00e8re qu\u2019un quart seulement de la surface est v\u00e9g\u00e9talis\u00e9, pour trois-quarts imperm\u00e9abilis\u00e9s. Or on voudrait inverser la tendance, du moins s\u2019en rapprocher.\u00a0\u00bb Une inversion essentiellement r\u00e9serv\u00e9e au cours L\u00e9opold, o\u00f9 s\u2019implanteront de nouvelles essences d\u2019arbres. Alors qu\u2019au centre se dessinera une longue perspective de pelouse, depuis l\u2019ob\u00e9lisque jusqu\u2019aux abords de la <a href=\"https:\/\/www.estrepublicain.fr\/defense-guerre-conflit\/2024\/11\/11\/11-novembre-on-vous-explique-l-histoire-de-la-porte-desilles-plus-ancien-monument-aux-morts-de-france\" target=\"_blank\" rel=\"noopener\">porte D\u00e9silles<\/a> , en passant par la <a href=\"https:\/\/www.estrepublicain.fr\/societe\/2024\/03\/15\/commemoration-du-250e-anniversaire-du-general-drouot\" target=\"_blank\" rel=\"noopener\">statue Drouot<\/a>.<\/p>\n<p>Reste \u00e0 savoir comment la pelouse s\u2019accommodera d\u2019un mois de foire en avril. Mais \u00e7a, c\u2019est une autre histoire.<\/p>\n<p>  Une saison off<\/p>\n<p>La place Carnot, elle, \u00ab\u00a0conservera ce caract\u00e8re min\u00e9ral, inscrit dans le plan de sauvegarde et de mise en valeur PMSV\u00a0\u00bb, annonce le maire, en \u00e9voquant le plan de sauvegarde et de mise en valeur (PMSV). Avec n\u00e9anmoins une petite v\u00e9g\u00e9talisation \u00e0 la marge. Et surtout une r\u00e9orientation est-ouest, plut\u00f4t que nord-sud, de sorte d\u2019en rendre l\u2019usage plus chaleureux. Avec ouverture vers le palais de l\u2019universit\u00e9.<\/p>\n<p>Au passage, notons que le <a href=\"https:\/\/www.estrepublicain.fr\/edition-nancy-et-agglomeration\/2020\/05\/15\/savez-vous-ce-qu-il-y-avait-jusqu-en-1950-au-centre-de-la-place-carnot\" target=\"_blank\" rel=\"noopener\">bassin de l\u2019ancienne fontaine sera remis en eau<\/a> , v\u0153u exprim\u00e9 lui aussi par le comit\u00e9.<\/p>\n<p> \u25b6 <strong>\u2002Stationnement.<\/strong> V\u00e9g\u00e9taliser le cours L\u00e9opold suppose de se d\u00e9barrasser des voitures qui y sont stationn\u00e9es. Soit 330 places, qui seront renvoy\u00e9es en sous-sol. Pour \u00e7a, l\u2019actuel parking Carnot, souterrain, verra sa surface doubler.<\/p>\n<p> \u25b6 \u2002 <strong>Mobilit\u00e9s partag\u00e9es. <\/strong> \u00c0 terme, les voitures ne circuleront plus que sur l\u2019all\u00e9e est de la place. L\u2019all\u00e9e ouest sera r\u00e9serv\u00e9e aux bus, en site propre (et en particulier \u00e0 la ligne 5 bient\u00f4t mise en service), ainsi qu\u2019aux v\u00e9los. Ce qui impliquera une r\u00e9vision compl\u00e8te du plan de circulation dans le quartier.<\/p>\n<p> \u25b6 \u2002 <strong>Maintien des activit\u00e9s. <\/strong> On l\u2019a vu, permettre aux circassiens et forains d\u2019exploiter la place, ainsi qu\u2019aux restaurateurs et cafetiers ( <a href=\"https:\/\/www.estrepublicain.fr\/economie\/2025\/04\/11\/les-guinguettes-de-l-ete-de-retour-le-13-juin-sur-le-theme-art-deco\" target=\"_blank\" rel=\"noopener\">tenanciers de guinguettes<\/a> ), a fait figure de condition sine qua non. Ils devront n\u00e9anmoins y renoncer au moins une saison, le temps des travaux n\u00e9cessaires \u00e0 l\u2019agrandissement du parking souterrain. D\u2019ici-l\u00e0, il y aura d\u2019autres rencontres, d\u2019autres pourparlers\u2026<\/p>\n","protected":false},"excerpt":{"rendered":"Sept hectares. \u00ab\u00a0Soit l\u2019un des plus grands ensembles urbains \u00e0 m\u00e9tamorphoser en c\u0153ur de ville aujourd\u2019hui en France.\u00a0\u00bb&hellip;\n","protected":false},"author":2,"featured_media":100091,"comment_status":"","ping_status":"","sticky":false,"template":"","format":"standard","meta":{"footnotes":""},"categories":[9635],"tags":[1111,11,4749,33,1704,1777,674,1011,27,775,1702,1703,12,25],"class_list":{"0":"post-100090","1":"post","2":"type-post","3":"status-publish","4":"format-standard","5":"has-post-thumbnail","7":"category-nancy","8":"tag-actu","9":"tag-actualites","10":"tag-btp-et-chantiers","11":"tag-economie","12":"tag-edition-nancy-et-agglomeration","13":"tag-eu","14":"tag-europe","15":"tag-fr","16":"tag-france","17":"tag-grand-est","18":"tag-nancy","19":"tag-nancy-ville-54b","20":"tag-news","21":"tag-republique-francaise"},"share_on_mastodon":{"url":"https:\/\/pubeurope.com\/@fr\/114507822160785560","error":""},"_links":{"self":[{"href":"https:\/\/www.europesays.com\/fr\/wp-json\/wp\/v2\/posts\/100090","targetHints":{"allow":["GET"]}}],"collection":[{"href":"https:\/\/www.europesays.com\/fr\/wp-json\/wp\/v2\/posts"}],"about":[{"href":"https:\/\/www.europesays.com\/fr\/wp-json\/wp\/v2\/types\/post"}],"author":[{"embeddable":true,"href":"https:\/\/www.europesays.com\/fr\/wp-json\/wp\/v2\/users\/2"}],"replies":[{"embeddable":true,"href":"https:\/\/www.europesays.com\/fr\/wp-json\/wp\/v2\/comments?post=100090"}],"version-history":[{"count":0,"href":"https:\/\/www.europesays.com\/fr\/wp-json\/wp\/v2\/posts\/100090\/revisions"}],"wp:featuredmedia":[{"embeddable":true,"href":"https:\/\/www.europesays.com\/fr\/wp-json\/wp\/v2\/media\/100091"}],"wp:attachment":[{"href":"https:\/\/www.europesays.com\/fr\/wp-json\/wp\/v2\/media?parent=100090"}],"wp:term":[{"taxonomy":"category","embeddable":true,"href":"https:\/\/www.europesays.com\/fr\/wp-json\/wp\/v2\/categories?post=100090"},{"taxonomy":"post_tag","embeddable":true,"href":"https:\/\/www.europesays.com\/fr\/wp-json\/wp\/v2\/tags?post=100090"}],"curies":[{"name":"wp","href":"https:\/\/api.w.org\/{rel}","templated":true}]}}