{"id":100094,"date":"2025-05-14T19:25:13","date_gmt":"2025-05-14T19:25:13","guid":{"rendered":"https:\/\/www.europesays.com\/fr\/100094\/"},"modified":"2025-05-14T19:25:13","modified_gmt":"2025-05-14T19:25:13","slug":"avant-la-saison-estivale-le-prefet-maritime-de-la-mediterranee-devoile-la-campagne-de-securite-des-loisirs-nautiques","status":"publish","type":"post","link":"https:\/\/www.europesays.com\/fr\/100094\/","title":{"rendered":"Avant la saison estivale, le pr\u00e9fet maritime de la M\u00e9diterran\u00e9e d\u00e9voile la campagne de s\u00e9curit\u00e9 des loisirs nautiques"},"content":{"rendered":"<p>La M\u00e9diterran\u00e9e est tout sauf ce grand \u00ab\u00a0lac\u00a0\u00bb tranquille que beaucoup imaginent. Les marins, les vrais, le savent. Et le pr\u00e9fet maritime de la M\u00e9diterran\u00e9e, le vice-amiral d\u2019escadre Christophe Lucas, l\u2019a encore rappel\u00e9 ce mercredi \u00e0 l\u2019occasion du lancement de la campagne de s\u00e9curit\u00e9 des loisirs nautiques et de la plaisance 2025. \u00ab\u00a0La M\u00e9diterran\u00e9e est une mer faussement calme, une fausse amie\u00a0\u00bb, a-t-il insist\u00e9. Le bilan de l\u2019ann\u00e9e 2024 est malheureusement l\u00e0 pour le confirmer: la Grande Bleue a tu\u00e9 \u00e0 69 reprises, soit une augmentation de 25% par rapport \u00e0 2023!<\/p>\n<p>Plong\u00e9es fatales<\/p>\n<p><strong>Avec 13 d\u00e9c\u00e8s, les activit\u00e9s subaquatiques ont une nouvelle fois pay\u00e9 un lourd tribut.<\/strong> Sans surprise, serait-on tent\u00e9 de dire. \u00ab\u00a0Les activit\u00e9s subaquatiques ne sont pas anodines. La M\u00e9diterran\u00e9e concentre le plus grand nombre d\u2019accidents de plong\u00e9e\u00a0\u00bb, glisse le pr\u00e9fet maritime. Et ce n\u2019est pas le d\u00e9but de saison 2025 qui le contredira. Depuis le week-end de P\u00e2ques, quatre accidents de plong\u00e9e, dont un mortel dimanche dernier en rade de Marseille, sont survenus.<\/p>\n<p>Plus \u00e9tonnant en revanche, <strong>les d\u00e9c\u00e8s enregistr\u00e9s lors de simples baignades. Seize personnes (en hausse de 30%) ont perdu la vie l\u2019an dernier en nageant et 86% de ces accidents ont eu lieu en Corse.<\/strong><\/p>\n<p>Dissuasion et r\u00e9pression<\/p>\n<p>Si le bilan 2024 n\u2019est clairement pas bon math\u00e9matiquement parlant, il aurait pu \u00eatre pire. Le pr\u00e9fet maritime de la M\u00e9diterran\u00e9e, qui retient \u00ab\u00a0la stabilit\u00e9 du nombre d\u2019interventions (\u00e0 peine + 3%)\u00a0\u00bb, rappelle en effet \u00ab\u00a0qu\u2019avec l\u2019arriv\u00e9e de la flamme \u00e0 Marseille, puis l\u2019organisation des \u00e9preuves de voile des Jeux olympiques, synonymes de fr\u00e9quentation accrue\u00a0\u00bb, les accidents auraient pu \u00eatre plus nombreux.<\/p>\n<p>Point de triomphalisme dans cette analyse, mais plut\u00f4t la conviction que les moyens nautiques (70) et a\u00e9riens (30) dont le pr\u00e9fet maritime dispose ont \u00e9t\u00e9 utilis\u00e9s intelligemment. Fort de ce retour d\u2019exp\u00e9rience, l\u2019amiral Lucas entend d\u2019ailleurs reconduire ce qu\u2019il appelle \u00ab\u00a0le maintien de l\u2019agilit\u00e9 du dispositif de s\u00e9curit\u00e9\u00a0\u00bb pour la saison 2025. Avec \u00ab\u00a0une pr\u00e9sence quotidienne sur l\u2019eau et un ciblage des zones \u00e0 risque et des p\u00e9riodes de forte fr\u00e9quentation\u00a0\u00bb. Une pr\u00e9sence dissuasive qui n\u2019exclut pas la fermet\u00e9, bien au contraire. \u00ab\u00a0<strong>Les comportements dangereux (vitesse, non-respect des zones de navigation) seront syst\u00e9matiquement punis\u00a0\u00bb<\/strong> et \u00ab\u00a0<strong>une attention toute particuli\u00e8re sera port\u00e9e lors des contr\u00f4les en mer au mat\u00e9riel obligatoire de s\u00e9curit\u00e9, ainsi qu\u2019aux titres de conduite et de navigation des plaisanciers\u00a0\u00bb<\/strong><strong>.<\/strong><\/p>\n<p>Campagne de communication<\/p>\n<p>Mais c\u2019est bien connu, mieux vaut pr\u00e9venir que gu\u00e9rir. La sensibilisation des usagers a d\u2019ailleurs commenc\u00e9, notamment aupr\u00e8s des clubs de plong\u00e9e du Var et des Bouches-du-Rh\u00f4ne, \u00e0 l\u2019occasion de deux journ\u00e9es consacr\u00e9es \u00e0 la s\u00e9curit\u00e9 et \u00e0 la pr\u00e9vention des accidents de plong\u00e9e auxquelles participaient aussi des pilotes de la 32F, flottille de l\u2019a\u00e9ronautique navale sp\u00e9cialis\u00e9e dans le sauvetage en mer.<\/p>\n<p>Une campagne de communication sera \u00e9galement diffus\u00e9e avec trois messages principaux visant \u00e0 faire prendre conscience de la dangerosit\u00e9 de la mer, \u00e0 concilier la libert\u00e9 de chacun avec la s\u00e9curit\u00e9 de tous et \u00e0 d\u00e9velopper un comportement responsable et citoyen chez tous les usagers, y compris les plus jeunes et les saisonniers qui seront cibl\u00e9s respectivement gr\u00e2ce aux r\u00e9seaux sociaux et \u00e0 la fr\u00e9quence 107.7 de Radio Vinci Autoroutes.<\/p>\n<p>Et le pr\u00e9fet maritime de la M\u00e9diterran\u00e9e de conclure en: \u00ab\u00a0Si la s\u00e9curit\u00e9 c\u2019est nous, la prudence c\u2019est vous!\u00a0\u00bb<\/p>\n","protected":false},"excerpt":{"rendered":"La M\u00e9diterran\u00e9e est tout sauf ce grand \u00ab\u00a0lac\u00a0\u00bb tranquille que beaucoup imaginent. Les marins, les vrais, le savent.&hellip;\n","protected":false},"author":2,"featured_media":100095,"comment_status":"","ping_status":"","sticky":false,"template":"","format":"standard","meta":{"footnotes":""},"categories":[9619],"tags":[1111,11,554,1777,674,1011,27,6128,12,882,25,656,2310],"class_list":{"0":"post-100094","1":"post","2":"type-post","3":"status-publish","4":"format-standard","5":"has-post-thumbnail","7":"category-toulon","8":"tag-actu","9":"tag-actualites","10":"tag-defense","11":"tag-eu","12":"tag-europe","13":"tag-fr","14":"tag-france","15":"tag-marine","16":"tag-news","17":"tag-provence-alpes-cote-dazur","18":"tag-republique-francaise","19":"tag-securite","20":"tag-toulon"},"share_on_mastodon":{"url":"https:\/\/pubeurope.com\/@fr\/114507829994445848","error":""},"_links":{"self":[{"href":"https:\/\/www.europesays.com\/fr\/wp-json\/wp\/v2\/posts\/100094","targetHints":{"allow":["GET"]}}],"collection":[{"href":"https:\/\/www.europesays.com\/fr\/wp-json\/wp\/v2\/posts"}],"about":[{"href":"https:\/\/www.europesays.com\/fr\/wp-json\/wp\/v2\/types\/post"}],"author":[{"embeddable":true,"href":"https:\/\/www.europesays.com\/fr\/wp-json\/wp\/v2\/users\/2"}],"replies":[{"embeddable":true,"href":"https:\/\/www.europesays.com\/fr\/wp-json\/wp\/v2\/comments?post=100094"}],"version-history":[{"count":0,"href":"https:\/\/www.europesays.com\/fr\/wp-json\/wp\/v2\/posts\/100094\/revisions"}],"wp:featuredmedia":[{"embeddable":true,"href":"https:\/\/www.europesays.com\/fr\/wp-json\/wp\/v2\/media\/100095"}],"wp:attachment":[{"href":"https:\/\/www.europesays.com\/fr\/wp-json\/wp\/v2\/media?parent=100094"}],"wp:term":[{"taxonomy":"category","embeddable":true,"href":"https:\/\/www.europesays.com\/fr\/wp-json\/wp\/v2\/categories?post=100094"},{"taxonomy":"post_tag","embeddable":true,"href":"https:\/\/www.europesays.com\/fr\/wp-json\/wp\/v2\/tags?post=100094"}],"curies":[{"name":"wp","href":"https:\/\/api.w.org\/{rel}","templated":true}]}}