{"id":100105,"date":"2025-05-14T19:33:19","date_gmt":"2025-05-14T19:33:19","guid":{"rendered":"https:\/\/www.europesays.com\/fr\/100105\/"},"modified":"2025-05-14T19:33:19","modified_gmt":"2025-05-14T19:33:19","slug":"le-rn-reclame-louverture-dune-enquete","status":"publish","type":"post","link":"https:\/\/www.europesays.com\/fr\/100105\/","title":{"rendered":"le RN r\u00e9clame l\u2019ouverture d\u2019une enqu\u00eate"},"content":{"rendered":"<p itemprop=\"description\"><strong>\u00ab\u00a0Le racisme est juste blanc\u00a0\u00bb, \u00ab\u00a0les blancs ont un coup d\u2019avance\u00a0\u00bb\u2026 Les messages qui suscitent la pol\u00e9mique vont \u00eatre retir\u00e9s par l\u2019Universit\u00e9 Grenoble Alpes.<\/strong><\/p>\n<p class=\"x_MsoNormal\" style=\"color: #242424; font-style: normal; font-variant-ligatures: normal; font-variant-caps: normal; font-weight: 400; letter-spacing: normal; orphans: 2; text-align: start; text-indent: 0px; text-transform: none; widows: 2; word-spacing: 0px; -webkit-text-stroke-width: 0px; white-space: normal; background-color: #ffffff; text-decoration-thickness: initial; text-decoration-style: initial; text-decoration-color: initial; margin: 0cm 0cm 8pt; line-height: 18.4px; font-size: 12pt; font-family: Calibri, sans-serif;\">Depuis quelques jours, une pol\u00e9mique entache fortement la r\u00e9putation de l\u2019Universit\u00e9 Grenoble Alpes. Ce lundi, le syndicat \u00e9tudiant UNI a lanc\u00e9 une p\u00e9tition pour r\u00e9clamer le retrait de la \u00ab\u00a0propagande anti-blancs\u00a0\u00bb. Des slogans grav\u00e9s sur les parois vitr\u00e9es de la galerie des amphith\u00e9\u00e2tres dans lesquels il est inscrit que le racisme est \u00ab\u00a0juste blanc\u00a0\u00bb sont dans le viseur.<\/p>\n<p class=\"x_MsoNormal\" style=\"color: #242424; font-style: normal; font-variant-ligatures: normal; font-variant-caps: normal; font-weight: 400; letter-spacing: normal; orphans: 2; text-align: start; text-indent: 0px; text-transform: none; widows: 2; word-spacing: 0px; -webkit-text-stroke-width: 0px; white-space: normal; background-color: #ffffff; text-decoration-thickness: initial; text-decoration-style: initial; text-decoration-color: initial; margin: 0cm 0cm 8pt; line-height: 18.4px; font-size: 12pt; font-family: Calibri, sans-serif;\">Ce mardi 13 mai, la direction du campus grenoblois a indiqu\u00e9 qu\u2019elle avait pris en compte la demande de l\u2019UNI et qu\u2019elle comptait retirer ces messages dans les plus brefs d\u00e9lais. \u00ab\u00a0Malheureusement certains messages ont \u00e9chapp\u00e9 \u00e0 la vigilance de l\u2019UGA et sont incompatibles avec les valeurs de l\u2019universit\u00e9\u00a0\u00bb, a expliqu\u00e9 l\u2019Universit\u00e9 Grenoble Alpes.<\/p>\n<p class=\"x_MsoNormal\" style=\"color: #242424; font-style: normal; font-variant-ligatures: normal; font-variant-caps: normal; font-weight: 400; letter-spacing: normal; orphans: 2; text-align: start; text-indent: 0px; text-transform: none; widows: 2; word-spacing: 0px; -webkit-text-stroke-width: 0px; white-space: normal; background-color: #ffffff; text-decoration-thickness: initial; text-decoration-style: initial; text-decoration-color: initial; margin: 0cm 0cm 8pt; line-height: 18.4px; font-size: 12pt; font-family: Calibri, sans-serif;\"><strong>Le Rassemblement National veut aller plus loin<\/strong><\/p>\n<p class=\"x_MsoNormal\" style=\"color: #242424; font-style: normal; font-variant-ligatures: normal; font-variant-caps: normal; font-weight: 400; letter-spacing: normal; orphans: 2; text-align: start; text-indent: 0px; text-transform: none; widows: 2; word-spacing: 0px; -webkit-text-stroke-width: 0px; white-space: normal; background-color: #ffffff; text-decoration-thickness: initial; text-decoration-style: initial; text-decoration-color: initial; margin: 0cm 0cm 8pt; line-height: 18.4px; font-size: 12pt; font-family: Calibri, sans-serif;\">Dans un communiqu\u00e9 paru ce mercredi 14 mai, le groupe Rassemblement National a estim\u00e9 que le retrait de ces messages \u00e0 caract\u00e8re raciste n\u2019\u00e9tait pas suffisant. \u00ab\u00a0Il demeure donc fondamental en plus du retrait de ces messages honteux qu\u2019une enqu\u00eate interne soit diligent\u00e9e pour sanctionner les personnels et \u00e9tudiants responsables de ces \u00e9crits racistes. Toute la lumi\u00e8re doit \u00eatre faite pour emp\u00eacher tout renouvellement de ce type d\u2019affichages racistes et scandaleux et la pr\u00e9sidence de l\u2019Universit\u00e9 doit s\u2019y atteler\u00a0\u00bb,\u00a0peut-on lire.<\/p>\n<p class=\"x_MsoNormal\" style=\"color: #242424; font-style: normal; font-variant-ligatures: normal; font-variant-caps: normal; font-weight: 400; letter-spacing: normal; orphans: 2; text-align: start; text-indent: 0px; text-transform: none; widows: 2; word-spacing: 0px; -webkit-text-stroke-width: 0px; white-space: normal; background-color: #ffffff; text-decoration-thickness: initial; text-decoration-style: initial; text-decoration-color: initial; margin: 0cm 0cm 8pt; line-height: 18.4px; font-size: 12pt; font-family: Calibri, sans-serif;\">De plus, le groupe r\u00e9clame l\u2019interruption du financement de l\u2019\u00e9tablissement par la R\u00e9gion Auvergne-Rh\u00f4ne-Alpes, puisqu\u2019aucun soutien ne m\u00e9rite d\u2019\u00eatre apport\u00e9 \u00ab\u00a0\u00e0 une structure qui ne respecterait pas les principes fondamentaux de la R\u00e9publique\u00a0\u00bb.<\/p>\n<blockquote class=\"twitter-tweet\"><p>&#13;<\/p>\n<p dir=\"ltr\" lang=\"fr\">Racisme anti-blanc \u00e0 l\u2019universit\u00e9 de Grenoble \ud83d\udea8<\/p>\n<p>Des plaques en verres ont \u00e9t\u00e9 install\u00e9es avec \u00e9crit : \u00ab Le monde a mal. Normal il est dirig\u00e9 par des blancs et des m\u00e2les \u00bb ou encore \u00ab Le racisme est juste blanc \u00bb. <a href=\"https:\/\/twitter.com\/UGrenobleAlpes?ref_src=twsrc%5Etfw\" rel=\"nofollow noopener\" target=\"_blank\">@UGrenobleAlpes<\/a> comment justifier ce racisme institutionnel ? <a href=\"https:\/\/t.co\/YIJnpC5bbB\" rel=\"nofollow\">pic.twitter.com\/YIJnpC5bbB<\/a><\/p>\n<p>&#13;<br \/>\n\u2014 UNI (@droiteuniv) <a href=\"https:\/\/twitter.com\/droiteuniv\/status\/1921968627026210982?ref_src=twsrc%5Etfw\" rel=\"nofollow noopener\" target=\"_blank\">May 12, 2025<\/a><\/p><\/blockquote>\n<p>\t\t\t\t\t\t\t\t\t\t\t\t\t\t\t\t\t\t\t<script async src=\"https:\/\/platform.twitter.com\/widgets.js\" charset=\"utf-8\"><\/script><\/p>\n","protected":false},"excerpt":{"rendered":"\u00ab\u00a0Le racisme est juste blanc\u00a0\u00bb, \u00ab\u00a0les blancs ont un coup d\u2019avance\u00a0\u00bb\u2026 Les messages qui suscitent la pol\u00e9mique vont&hellip;\n","protected":false},"author":2,"featured_media":100106,"comment_status":"","ping_status":"","sticky":false,"template":"","format":"standard","meta":{"footnotes":""},"categories":[9566],"tags":[1111,11,7733,8279,2430,7736,650,7734,2889,2263,1777,674,1011,27,2731,8280,6417,1114,108,4662,12,3725,1825,25,7737],"class_list":{"0":"post-100105","1":"post","2":"type-post","3":"status-publish","4":"format-standard","5":"has-post-thumbnail","7":"category-grenoble","8":"tag-actu","9":"tag-actualites","10":"tag-alpes","11":"tag-alpes1","12":"tag-auvergne-rhone-alpes","13":"tag-cds","14":"tag-cinema","15":"tag-ecoute","16":"tag-emission","17":"tag-equipe","18":"tag-eu","19":"tag-europe","20":"tag-fr","21":"tag-france","22":"tag-grenoble","23":"tag-haute","24":"tag-information","25":"tag-infos","26":"tag-isere","27":"tag-journal","28":"tag-news","29":"tag-podcast","30":"tag-radio","31":"tag-republique-francaise","32":"tag-winamp"},"share_on_mastodon":{"url":"https:\/\/pubeurope.com\/@fr\/114507861470151935","error":""},"_links":{"self":[{"href":"https:\/\/www.europesays.com\/fr\/wp-json\/wp\/v2\/posts\/100105","targetHints":{"allow":["GET"]}}],"collection":[{"href":"https:\/\/www.europesays.com\/fr\/wp-json\/wp\/v2\/posts"}],"about":[{"href":"https:\/\/www.europesays.com\/fr\/wp-json\/wp\/v2\/types\/post"}],"author":[{"embeddable":true,"href":"https:\/\/www.europesays.com\/fr\/wp-json\/wp\/v2\/users\/2"}],"replies":[{"embeddable":true,"href":"https:\/\/www.europesays.com\/fr\/wp-json\/wp\/v2\/comments?post=100105"}],"version-history":[{"count":0,"href":"https:\/\/www.europesays.com\/fr\/wp-json\/wp\/v2\/posts\/100105\/revisions"}],"wp:featuredmedia":[{"embeddable":true,"href":"https:\/\/www.europesays.com\/fr\/wp-json\/wp\/v2\/media\/100106"}],"wp:attachment":[{"href":"https:\/\/www.europesays.com\/fr\/wp-json\/wp\/v2\/media?parent=100105"}],"wp:term":[{"taxonomy":"category","embeddable":true,"href":"https:\/\/www.europesays.com\/fr\/wp-json\/wp\/v2\/categories?post=100105"},{"taxonomy":"post_tag","embeddable":true,"href":"https:\/\/www.europesays.com\/fr\/wp-json\/wp\/v2\/tags?post=100105"}],"curies":[{"name":"wp","href":"https:\/\/api.w.org\/{rel}","templated":true}]}}