{"id":100107,"date":"2025-05-14T19:34:17","date_gmt":"2025-05-14T19:34:17","guid":{"rendered":"https:\/\/www.europesays.com\/fr\/100107\/"},"modified":"2025-05-14T19:34:17","modified_gmt":"2025-05-14T19:34:17","slug":"a-rennes-elles-reconstruisent-la-representation-des-femmes-dorigine-africaine-par-le-theatre","status":"publish","type":"post","link":"https:\/\/www.europesays.com\/fr\/100107\/","title":{"rendered":"\u00c0 Rennes, elles reconstruisent la repr\u00e9sentation des femmes d\u2019origine africaine par le th\u00e9\u00e2tre"},"content":{"rendered":"<tr wp_automatic_readability=\"3.9083969465649\">\n<td valign=\"middle\" align=\"center\" class=\"col-logo\">\n    <img decoding=\"async\" src=\"https:\/\/www.europesays.com\/fr\/wp-content\/uploads\/2025\/05\/ouest-france.gif\" alt=\"logo Ouest-France\" height=\"66\"\/><\/p>\n<\/td>\n<td class=\"col-titre\">\n\t\t\tMercredi 14 mai 2025 20:15<br \/>\n\t\t\t<a class=\"icon-bulle sizeL count\" href=\"#ancreAvis\"><br \/>\n\t&#8230;<br \/>\n<\/a><\/td>\n<\/tr>\n<p>\t\t<a class=\"mavillebox2 elmt-photo\" href=\"https:\/\/maville.com\/photosmvi\/2025\/05\/14\/P35228254D6807670G.jpg\" title=\" Ce samedi 17\u00a0mai 2025, le collectif D\u00e9pigment\u00e9.e.s organise une pi\u00e8ce de th\u00e9\u00e2tre \u00e0 la Parcheminerie \u00e0 Rennes (Ille-et-Vilaine).  \u00a9  Collectif D\u00e9pigment\u00e9.e.s  &lt;!--TAG-BLC credit--&gt;\" rel=\"galerie_actu noopener\" target=\"_blank\"><br \/>\n\t<img decoding=\"async\" src=\"https:\/\/www.europesays.com\/fr\/wp-content\/uploads\/2025\/05\/P35228254D6807670G_crop_640-330_.jpg\" alt=\"photo  ce samedi 17\u00a0mai 2025, le collectif d\u00e9pigment\u00e9.e.s organise une pi\u00e8ce de th\u00e9\u00e2tre \u00e0 la parcheminerie \u00e0 rennes (ille-et-vilaine).  \u00a9  collectif d\u00e9pigment\u00e9.e.s \"\/><br \/>\n\t1<br \/>\n<\/a><\/p>\n<p class=\"elmt-legende\"> Ce samedi 17\u00a0mai 2025, le collectif D\u00e9pigment\u00e9.e.s organise une pi\u00e8ce de th\u00e9\u00e2tre \u00e0 la Parcheminerie \u00e0 Rennes (Ille-et-Vilaine).  \u00a9  Collectif D\u00e9pigment\u00e9.e.s  <\/p>\n<p>\t\tApr\u00e8s la compagnie M\u00e9tamorphose(s) et leur pi\u00e8ce \u00ab\u00a0\u00c0 Vif(s)\u00a0\u00bb, explorant la vuln\u00e9rabilit\u00e9 des hommes noirs en France, pr\u00e9sent\u00e9e ce mercredi 14\u00a0mai \u00e0 la Parcheminerie \u00e0 Rennes (Ille-et-Vilaine), c\u2019est au tour des femmes. Samedi 17\u00a0mai, le collectif D\u00e9pigment\u00e9.e.s, repr\u00e9sent\u00e9 par Loriane Kunsendi, reconstruit la repr\u00e9sentation des femmes originaires d\u2019Afrique subsaharienne par le th\u00e9\u00e2tre.<\/p>\n<p>\t\tOuest-France\u00a0\u00a0<\/p>\n<p>Retrouvez d&rsquo;autres actus sur la commune de :<\/p>\n<p>\t\t&#13;<\/p>\n","protected":false},"excerpt":{"rendered":"Mercredi 14 mai 2025 20:15 &#8230; 1 Ce samedi 17\u00a0mai 2025, le collectif D\u00e9pigment\u00e9.e.s organise une pi\u00e8ce de&hellip;\n","protected":false},"author":2,"featured_media":100108,"comment_status":"","ping_status":"","sticky":false,"template":"","format":"standard","meta":{"footnotes":""},"categories":[2821],"tags":[1111,11,21492,829,1777,674,4651,1011,27,12,21491,15318,584,21490,25,1347],"class_list":{"0":"post-100107","1":"post","2":"type-post","3":"status-publish","4":"format-standard","5":"has-post-thumbnail","7":"category-rennes","8":"tag-actu","9":"tag-actualites","10":"tag-africaine","11":"tag-bretagne","12":"tag-eu","13":"tag-europe","14":"tag-femmes","15":"tag-fr","16":"tag-france","17":"tag-news","18":"tag-origine","19":"tag-reconstruisent","20":"tag-rennes","21":"tag-representation","22":"tag-republique-francaise","23":"tag-theatre"},"share_on_mastodon":{"url":"https:\/\/pubeurope.com\/@fr\/114507865425392368","error":""},"_links":{"self":[{"href":"https:\/\/www.europesays.com\/fr\/wp-json\/wp\/v2\/posts\/100107","targetHints":{"allow":["GET"]}}],"collection":[{"href":"https:\/\/www.europesays.com\/fr\/wp-json\/wp\/v2\/posts"}],"about":[{"href":"https:\/\/www.europesays.com\/fr\/wp-json\/wp\/v2\/types\/post"}],"author":[{"embeddable":true,"href":"https:\/\/www.europesays.com\/fr\/wp-json\/wp\/v2\/users\/2"}],"replies":[{"embeddable":true,"href":"https:\/\/www.europesays.com\/fr\/wp-json\/wp\/v2\/comments?post=100107"}],"version-history":[{"count":0,"href":"https:\/\/www.europesays.com\/fr\/wp-json\/wp\/v2\/posts\/100107\/revisions"}],"wp:featuredmedia":[{"embeddable":true,"href":"https:\/\/www.europesays.com\/fr\/wp-json\/wp\/v2\/media\/100108"}],"wp:attachment":[{"href":"https:\/\/www.europesays.com\/fr\/wp-json\/wp\/v2\/media?parent=100107"}],"wp:term":[{"taxonomy":"category","embeddable":true,"href":"https:\/\/www.europesays.com\/fr\/wp-json\/wp\/v2\/categories?post=100107"},{"taxonomy":"post_tag","embeddable":true,"href":"https:\/\/www.europesays.com\/fr\/wp-json\/wp\/v2\/tags?post=100107"}],"curies":[{"name":"wp","href":"https:\/\/api.w.org\/{rel}","templated":true}]}}