{"id":100118,"date":"2025-05-14T19:40:22","date_gmt":"2025-05-14T19:40:22","guid":{"rendered":"https:\/\/www.europesays.com\/fr\/100118\/"},"modified":"2025-05-14T19:40:22","modified_gmt":"2025-05-14T19:40:22","slug":"a-quimper-les-collegiens-de-la-segpa-du-likes-ont-presente-au-katorza-leur-court-metrage-de-lautre-cote-du-miroir","status":"publish","type":"post","link":"https:\/\/www.europesays.com\/fr\/100118\/","title":{"rendered":"\u00c0 Quimper, les coll\u00e9giens de la Segpa du Lik\u00e8s ont pr\u00e9sent\u00e9 au Katorza leur court-m\u00e9trage \u00ab\u00a0De l\u2019autre c\u00f4t\u00e9 du miroir\u00a0\u00bb"},"content":{"rendered":"<p>Les coll\u00e9giens de la Section d\u2019enseignement g\u00e9n\u00e9ral et professionnel adapt\u00e9 (Segpa) du Lik\u00e8s, \u00e0 Quimper, ont \u00e9t\u00e9 invit\u00e9s \u00e0 s\u2019engager dans un projet national d\u2019\u00e9ducation artistique et culturelle durant toute une ann\u00e9e scolaire. Gr\u00e2ce \u00e0 cette initiative, appel\u00e9e Toute la lumi\u00e8re sur les Segpa, ils b\u00e9n\u00e9ficient de plus de 30 heures de pratique artistique combinant les trois piliers de l\u2019\u00e9ducation artistique et culturelle\u00a0: fr\u00e9quenter, pratiquer, s\u2019approprier. Au c\u0153ur de ce projet\u00a0: la r\u00e9alisation d\u2019un court-m\u00e9trage de 8 minutes maximum.<\/p>\n<p>Soutenus par la mairie de Quimper, le D\u00e9partement, l\u2019association Gros Plan et leur \u00e9tablissement scolaire, les \u00e9l\u00e8ves se sont investis dans ce projet avec leur professeur de fran\u00e7ais Isabelle Boisdon et leur responsable Jean-Marc Le Corre. Ils ont visionn\u00e9 des films, rencontr\u00e9 des com\u00e9diens, des d\u00e9corateurs, ont appris \u00e0 \u00e9crire un sc\u00e9nario, \u00e0 cadrer, \u00e0 filmer. Apr\u00e8s huit mois de travail et gr\u00e2ce aux interventions r\u00e9guli\u00e8res de S\u00e9bastien Jantzen, professionnel de la mise en sc\u00e8ne et de la r\u00e9alisation de tels projets, vint le jour tant attendu\u2026<\/p>\n<p>Mardi 13 mai, au cin\u00e9ma Le Katorza, devant une salle pleine, \u00c9lo\u00efse, Moustapha, Sofian, Aylan et leurs camarades ont pr\u00e9sent\u00e9 \u00ab\u00a0De l\u2019autre c\u00f4t\u00e9 du miroir\u00a0\u00bb, un court-m\u00e9trage, adaptation contemporaine dans le milieu scolaire de la l\u00e9gende de Narcisse qui tomba amoureux de sa propre image. Travail de qualit\u00e9, dr\u00f4le et \u00e9mouvant qui fut r\u00e9compens\u00e9 par un tonnerre d\u2019applaudissements et qui sera projet\u00e9 \u00e0 Paris au mois de juin, lors du festival national pour lequel il a \u00e9t\u00e9 s\u00e9lectionn\u00e9 et en pr\u00e9sence de toutes les classes ayant particip\u00e9 au dispositif Toute la lumi\u00e8re sur les Segpa.<\/p>\n","protected":false},"excerpt":{"rendered":"Les coll\u00e9giens de la Section d\u2019enseignement g\u00e9n\u00e9ral et professionnel adapt\u00e9 (Segpa) du Lik\u00e8s, \u00e0 Quimper, ont \u00e9t\u00e9 invit\u00e9s&hellip;\n","protected":false},"author":2,"featured_media":100119,"comment_status":"","ping_status":"","sticky":false,"template":"","format":"standard","meta":{"footnotes":""},"categories":[2818],"tags":[1111,11,650,251,1777,674,1011,27,766,12,2636,3319,25],"class_list":{"0":"post-100118","1":"post","2":"type-post","3":"status-publish","4":"format-standard","5":"has-post-thumbnail","7":"category-nantes","8":"tag-actu","9":"tag-actualites","10":"tag-cinema","11":"tag-culture","12":"tag-eu","13":"tag-europe","14":"tag-fr","15":"tag-france","16":"tag-nantes","17":"tag-news","18":"tag-pays-de-la-loire","19":"tag-quimper","20":"tag-republique-francaise"},"share_on_mastodon":{"url":"https:\/\/pubeurope.com\/@fr\/114507889052808302","error":""},"_links":{"self":[{"href":"https:\/\/www.europesays.com\/fr\/wp-json\/wp\/v2\/posts\/100118","targetHints":{"allow":["GET"]}}],"collection":[{"href":"https:\/\/www.europesays.com\/fr\/wp-json\/wp\/v2\/posts"}],"about":[{"href":"https:\/\/www.europesays.com\/fr\/wp-json\/wp\/v2\/types\/post"}],"author":[{"embeddable":true,"href":"https:\/\/www.europesays.com\/fr\/wp-json\/wp\/v2\/users\/2"}],"replies":[{"embeddable":true,"href":"https:\/\/www.europesays.com\/fr\/wp-json\/wp\/v2\/comments?post=100118"}],"version-history":[{"count":0,"href":"https:\/\/www.europesays.com\/fr\/wp-json\/wp\/v2\/posts\/100118\/revisions"}],"wp:featuredmedia":[{"embeddable":true,"href":"https:\/\/www.europesays.com\/fr\/wp-json\/wp\/v2\/media\/100119"}],"wp:attachment":[{"href":"https:\/\/www.europesays.com\/fr\/wp-json\/wp\/v2\/media?parent=100118"}],"wp:term":[{"taxonomy":"category","embeddable":true,"href":"https:\/\/www.europesays.com\/fr\/wp-json\/wp\/v2\/categories?post=100118"},{"taxonomy":"post_tag","embeddable":true,"href":"https:\/\/www.europesays.com\/fr\/wp-json\/wp\/v2\/tags?post=100118"}],"curies":[{"name":"wp","href":"https:\/\/api.w.org\/{rel}","templated":true}]}}