{"id":100128,"date":"2025-05-14T19:45:08","date_gmt":"2025-05-14T19:45:08","guid":{"rendered":"https:\/\/www.europesays.com\/fr\/100128\/"},"modified":"2025-05-14T19:45:08","modified_gmt":"2025-05-14T19:45:08","slug":"a-toulouse-lembrouille-entre-voisines-sacheve-avec-des-coups-de-couteau-une-femme-grievement-blessee","status":"publish","type":"post","link":"https:\/\/www.europesays.com\/fr\/100128\/","title":{"rendered":"A Toulouse, l&#8217;embrouille entre voisines s&rsquo;ach\u00e8ve avec des coups de couteau, une femme gri\u00e8vement bless\u00e9e"},"content":{"rendered":"<p>            Par<br \/>\n        <strong><br \/>\n            <a href=\"https:\/\/actu.fr\/auteur\/lucie-2\" title=\"Consulter tous les articles de Lucie Fraisse\" rel=\"nofollow noopener\" target=\"_blank\">Lucie Fraisse<\/a><br \/>\n        <\/strong><\/p>\n<p>        Publi\u00e9 le<\/p>\n<p>            14 mai 2025 \u00e0 20h05        <\/p>\n<p>L\u2019altercation avait d\u00e9but\u00e9 la veille, pour une histoire de <strong>place de parking<\/strong>, entre une habitante d\u2019un immeuble situ\u00e9 dans le quartier Saint-Simon, \u00e0 <a href=\"https:\/\/actu.fr\/toulouse\/\" rel=\"nofollow noopener\" target=\"_blank\">Toulouse<\/a> et la s\u0153ur de l\u2019une de ses voisines.<\/p>\n<p>Coops \u00e0 la cuisse et au ventre\u00a0<\/p>\n<p class=\" wall-content\">Une altercation que l\u2019une des protagonistes a vraisemblablement eue du mal \u00e0 dig\u00e9rer pendant la nuit, puisque ce mercredi 14 mai 2025, vers 8 heures, elle s\u2019est rendue <strong>arm\u00e9e d\u2019un couteau<\/strong> au domicile de la voisine avec la s\u0153ur de laquelle elle s\u2019\u00e9tait embrouill\u00e9e.<\/p>\n<p class=\" wall-content\">\u00ab\u00a0Elle a sonn\u00e9 chez elle et une fois que sa voisine lui a ouvert, elle lui a ass\u00e9n\u00e9 des coups de couteau au ventre et \u00e0 la cuisse\u00a0\u00bb, explique une source polici\u00e8re.<\/p>\n<p>Le Smur sur place<\/p>\n<p class=\" wall-content\">Les pompiers\u00a0 et le SMUR ont \u00e9t\u00e9 alert\u00e9s et la victime, une femme \u00e2g\u00e9e de 31 ans, a \u00e9t\u00e9 transport\u00e9e en urgence absolue \u00e0 <strong>l\u2019h\u00f4pital de Rangueil<\/strong>. Ses jours ne sont pas en danger.<\/p>\n<p class=\" wall-content\">Son agresseuse qui, dans l\u2019altercation, a \u00e9t\u00e9 bless\u00e9e au niveau du pouce a, elle aussi, \u00e9t\u00e9 transport\u00e9e, \u00e0 l\u2019h\u00f4pital Purpan.<\/p>\n<p class=\" wall-content\">Suivez toute l\u2019actualit\u00e9 de vos villes et m\u00e9dias favoris en vous inscrivant \u00e0 <a href=\"https:\/\/moncompte.actu.fr\" title=\"D\u00e9couvez Mon Actu\" rel=\"nofollow noopener\" data-trk=\"{&quot;cta&quot;:{&quot;action&quot;:&quot;https:\\\/\\\/moncompte.actu.fr&quot;,&quot;category&quot;:&quot;mon compte&quot;,&quot;from&quot;:&quot;article footer&quot;,&quot;name&quot;:&quot;Mon actu&quot;,&quot;type&quot;:&quot;cta&quot;}}\" target=\"_blank\">Mon Actu<\/a>.<\/p>\n","protected":false},"excerpt":{"rendered":"Par Lucie Fraisse Publi\u00e9 le 14 mai 2025 \u00e0 20h05 L\u2019altercation avait d\u00e9but\u00e9 la veille, pour une histoire&hellip;\n","protected":false},"author":2,"featured_media":100129,"comment_status":"","ping_status":"","sticky":false,"template":"","format":"standard","meta":{"footnotes":""},"categories":[2816],"tags":[1111,11,1777,674,118,1011,27,12,2680,1072,1311,25,2312],"class_list":{"0":"post-100128","1":"post","2":"type-post","3":"status-publish","4":"format-standard","5":"has-post-thumbnail","7":"category-toulouse","8":"tag-actu","9":"tag-actualites","10":"tag-eu","11":"tag-europe","12":"tag-faits-divers","13":"tag-fr","14":"tag-france","15":"tag-news","16":"tag-occitanie","17":"tag-police","18":"tag-pompiers","19":"tag-republique-francaise","20":"tag-toulouse"},"share_on_mastodon":{"url":"","error":""},"_links":{"self":[{"href":"https:\/\/www.europesays.com\/fr\/wp-json\/wp\/v2\/posts\/100128","targetHints":{"allow":["GET"]}}],"collection":[{"href":"https:\/\/www.europesays.com\/fr\/wp-json\/wp\/v2\/posts"}],"about":[{"href":"https:\/\/www.europesays.com\/fr\/wp-json\/wp\/v2\/types\/post"}],"author":[{"embeddable":true,"href":"https:\/\/www.europesays.com\/fr\/wp-json\/wp\/v2\/users\/2"}],"replies":[{"embeddable":true,"href":"https:\/\/www.europesays.com\/fr\/wp-json\/wp\/v2\/comments?post=100128"}],"version-history":[{"count":0,"href":"https:\/\/www.europesays.com\/fr\/wp-json\/wp\/v2\/posts\/100128\/revisions"}],"wp:featuredmedia":[{"embeddable":true,"href":"https:\/\/www.europesays.com\/fr\/wp-json\/wp\/v2\/media\/100129"}],"wp:attachment":[{"href":"https:\/\/www.europesays.com\/fr\/wp-json\/wp\/v2\/media?parent=100128"}],"wp:term":[{"taxonomy":"category","embeddable":true,"href":"https:\/\/www.europesays.com\/fr\/wp-json\/wp\/v2\/categories?post=100128"},{"taxonomy":"post_tag","embeddable":true,"href":"https:\/\/www.europesays.com\/fr\/wp-json\/wp\/v2\/tags?post=100128"}],"curies":[{"name":"wp","href":"https:\/\/api.w.org\/{rel}","templated":true}]}}