{"id":100130,"date":"2025-05-14T19:46:10","date_gmt":"2025-05-14T19:46:10","guid":{"rendered":"https:\/\/www.europesays.com\/fr\/100130\/"},"modified":"2025-05-14T19:46:10","modified_gmt":"2025-05-14T19:46:10","slug":"lille-pain-beurre-la-nouvelle-boulangerie-irresistible-ouvre-deux-boutiques","status":"publish","type":"post","link":"https:\/\/www.europesays.com\/fr\/100130\/","title":{"rendered":"Lille. Pain Beurre, la nouvelle boulangerie irr\u00e9sistible, ouvre deux boutiques"},"content":{"rendered":"<p>            Par<br \/>\n        <strong><br \/>\n            <a href=\"https:\/\/actu.fr\/auteur\/hervine-mahaud\" title=\"Consulter tous les articles de Hervine Mahaud\" target=\"_blank\" rel=\"noopener\">Hervine Mahaud<\/a><br \/>\n        <\/strong><\/p>\n<p>        Publi\u00e9 le<\/p>\n<p>            14 mai 2025 \u00e0 18h30        <\/p>\n<p>L\u2019annonce fera plaisir aux fous de <b>p\u00e2tisseries<\/b> et amateurs de bon <b>pain au levain<\/b>. Une toute <b>nouvelle enseigne de boulangerie<\/b> est en train de pousser dans la <b>m\u00e9tropole de <a href=\"https:\/\/actu.fr\/hauts-de-france\/lille_59350\" target=\"_blank\" rel=\"noopener\">Lille<\/a><\/b>\u2009: <b>Pain Beurre<\/b>. Lanc\u00e9e par <b>L\u2019Atelier des Saveurs<\/b>, commerce de <a href=\"https:\/\/actu.fr\/hauts-de-france\/la-madeleine_59368\" target=\"_blank\" rel=\"noopener\"><b>La Madeleine<\/b><\/a> dont la r\u00e9putation n\u2019est plus \u00e0 faire, la marque va ouvrir, \u00e0 quelques semaines d\u2019\u00e9cart <b>deux boutiques<\/b>\u2009: \u00e0 <a href=\"https:\/\/actu.fr\/hauts-de-france\/croix_59163\" target=\"_blank\" rel=\"noopener\"><b>Croix<\/b><\/a> le 2\u00a0juin 2025, puis \u00e0 <b>Lille<\/b>, d\u2019ici septembre. Les produits propos\u00e9s seront <b>simples mais parfaitement ex\u00e9cut\u00e9s<\/b>, et bien s\u00fbr <b>tr\u00e8s gourmands<\/b> et <b>fabriqu\u00e9s de fa\u00e7on artisanale<\/b> \u00e0 partir d\u2019<b>ingr\u00e9dients nobles<\/b>. Les boutiques, elles, auront un aspect \u00e0 la fois <b>\u00e9pur\u00e9 et chaleureux<\/b>.<\/p>\n<p>\u00ab\u2009On voulait que ce soit diff\u00e9rent\u2009\u00bb<\/p>\n<p class=\" wall-content\">L\u2019ann\u00e9e 2025 s\u2019annonce intense pour l\u2019\u00e9quipe de <b>L\u2019Atelier des Saveurs qui ouvre, quasiment coup sur coup, deux boutiques<\/b>, sous une <b>nouvelle identit\u00e9\u2009: Pain Beurre<\/b>. Mais ce n\u2019est pas tout\u2009! Pour alimenter ces trois commerces, <b>une centrale de production<\/b> va \u00e9galement voir le jour, \u00ab\u2009d\u2019ici un mois et demi, 2\u00a0mois. On refait enti\u00e8rement \u00e0 neuf un ancien garage automobile, avec du mat\u00e9riel dernier cri\u2009\u00bb, annonce L\u00e9a Richard.<\/p>\n<p class=\" wall-content\">\u00c0 29\u00a0ans, la jeune femme se voit confier les r\u00eanes de Pain Beurre, une nouvelle aventure qu\u2019elle d\u00e9marre avec Baptiste Masschelein, son patron \u00e0 l\u2019Atelier des Saveurs et d\u00e9sormais, aussi, son associ\u00e9. \u00ab\u2009J\u2019ai commenc\u00e9 il y a 10\u00a0ans avec lui, et j\u2019ai toujours eu le sentiment de travailler avec lui, et non pas pour lui. <b>Je suis tr\u00e8s fi\u00e8re de ce que l\u2019on va cr\u00e9er<\/b>.\u2009\u00bb<\/p>\n<p class=\" wall-content\"><a href=\"https:\/\/www.instagram.com\/p\/DJjzBP-o91u\/embed\" title=\"Ouvrir le lien sur Instagram\" target=\"_blank\" rel=\"noopener\">Visualiser le contenu sur Instagram<\/a><\/p>\n<p class=\" wall-content\">Le duo voulait <b>se distinguer de la boulangerie historique<\/b>, ouverte il y a d\u00e9sormais 12\u00a0ans au 88, rue du G\u00e9n\u00e9ral de Gaulle. \u00ab\u2009Ici, on propose des petits g\u00e2teaux tr\u00e8s sophistiqu\u00e9s, c\u2019est ce qu\u2019il y a de plus compliqu\u00e9 \u00e0 faire.\u2009\u00bb Mais, pour Pain Beurre, \u00ab<b>\u2009on voulait que ce soit diff\u00e9rent<\/b>.\u2009\u00bb La diff\u00e9rence saute d\u00e9j\u00e0 aux yeux avec le <b>logo, simple et tout en rondeur<\/b>. Il repr\u00e9sente un <b>croissant \u00e9l\u00e9gant<\/b>, mais aussi une <b>brioche moelleuse<\/b>.<\/p>\n<p class=\" wall-content\"><a href=\"https:\/\/www.instagram.com\/p\/DI_8R7JohIM\/embed\" title=\"Ouvrir le lien sur Instagram\" target=\"_blank\" rel=\"noopener\">Visualiser le contenu sur Instagram<\/a><\/p>\n<p>Moderne, \u00e9pur\u00e9 et gourmand<\/p>\n<p class=\" wall-content\">Pour Pain Beurre, exit les p\u00e2tisseries trop compliqu\u00e9es donc. L\u00e9a et Baptiste ont voulu proposer quelque chose de \u00ab<b>\u2009moderne, \u00e9pur\u00e9 et gourmand<\/b>. Mais aussi pas trop complexe car on est sur une d\u00e9marche de rentabilit\u00e9 et on veut que ce soit <b>plus facile \u00e0 travailler pour les salari\u00e9s<\/b>.\u2009\u00bb Mais attention, L\u00e9a reste intransigeante sur la qualit\u00e9\u2009: \u00ab<b>\u2009si c\u2019est simple, il faut que ce soit parfait<\/b>\u2009\u00bb. Et pour cela, les artisans ne vont pas l\u00e9siner sur la <b>qualit\u00e9 des ingr\u00e9dients<\/b>\u2009: \u00ab\u2009des <b>mati\u00e8res premi\u00e8res nobles<\/b> comme des beurres AOP du Charentes-Poitou ou d\u2019Isigny, du chocolat Valrhona ou des farines des Grands Moulins de Paris\u2009\u00bb.<\/p>\n<p>      <img   decoding=\"async\" loading=\"lazy\" class=\"size-large\" src=\"https:\/\/www.europesays.com\/fr\/wp-content\/uploads\/2025\/05\/7b3057ec532862f3057ec5328b2405v-960x640.jpg\" alt=\"Des r\u00e9alisations simples, au regard de ce que sait proposer L'Atelier des Saveurs. Pour autant, Pain Beurre ne l\u00e9sine pas sur la qualit\u00e9.\" width=\"960\" height=\"640\"\/><br \/>\n    Des r\u00e9alisations simples, au regard de ce que sait proposer L\u2019Atelier des Saveurs. Pour autant, Pain Beurre ne l\u00e9sine pas sur la qualit\u00e9. \u00a9Pain Beurre<\/p>\n<p class=\" wall-content\">\u00c0 partir de cela, seront fa\u00e7onn\u00e9s artisanalement les <b>viennoiseries, p\u00e2tisseries et pains<\/b> vendus ensuite en boutique. Dans le d\u00e9tail, on retrouvera des<b> pains sp\u00e9ciaux au levain<\/b>, avec une <b>fermentation lente<\/b> \u00ab\u2009pour avoir une meilleure conservation et plus d\u2019ar\u00f4mes\u2009\u00bb. Fabriqu\u00e9s en \u00ab\u2009tr\u00e8s grands formats\u2009\u00bb, ils seront ensuite vendus \u00e0 la coupe. Pour les viennoiseries, \u00ab\u2009la p\u00e2te sera fabriqu\u00e9e \u00e0 la centrale de production mais elles seront cuites en boutique\u2009\u00bb. C\u00f4t\u00e9 p\u00e2tisseries, on retrouvera des \u00ab\u2009classiques bien faits\u2009\u00bb comme le <b>Paris-Brest<\/b>, le <b>Saint-Honor\u00e9<\/b>, des <b>cookies<\/b> tr\u00e8s gourmands, des <b>tartelettes<\/b> de saison\u2026 Et bien d\u2019autres encore, qu\u2019il nous tarde de d\u00e9couvrir.<\/p>\n<p>Deux nouvelles boutiques, \u00e0 Croix et Lille<\/p>\n<p class=\" wall-content\">Pour appr\u00e9cier ces nouveaut\u00e9s, il faudra patienter encore un peu. Mais pas bien longtemps, car la <b>premi\u00e8re ouverture<\/b> est programm\u00e9e au <b>lundi 2\u00a0juin \u00e0 Croix<\/b>. \u00ab\u2009On reprend la boulangerie Burggraeve apr\u00e8s un d\u00e9part en retraite\u2009\u00bb, indique L\u00e9a Richard. Un bel emplacement puisque la boutique est situ\u00e9e au <b>212 rue Jean Jaur\u00e8s, face \u00e0 la station de m\u00e9tro Mairie de Croix<\/b>. \u00ab\u2009Il y a une client\u00e8le qui \u00e9tait habitu\u00e9e aux produits assez classiques, le challenge \u00e7a va \u00eatre de leur plaire. Mais aussi de cr\u00e9er une nouvelle client\u00e8le.\u2009\u00bb Le commerce fermera ensuite trois semaines en ao\u00fbt, le temps pour l\u2019\u00e9quipe de faire des travaux, la fa\u00e7ade et l\u2019int\u00e9rieur.<\/p>\n<p class=\" wall-content\"><a href=\"https:\/\/www.instagram.com\/p\/DJRvKbUoun8\/embed\" title=\"Ouvrir le lien sur Instagram\" target=\"_blank\" rel=\"noopener\">Visualiser le contenu sur Instagram<\/a><\/p>\n<p class=\" wall-content\">La <b>d\u00e9co sera \u00e9pur\u00e9e<\/b>, avec des tons neutres, un m\u00e9lange entre les lignes droites et les courbes, les mat\u00e9riaux (bois et b\u00e9ton). L\u2019id\u00e9e est d\u2019avoir un lieu \u00e0 la fois <b>moderne<\/b> et <b>chaleureux<\/b>. Pour que cela soit \u00e0 l\u2019image de Pain Beurre, \u00ab\u2009on aura une superbe mosa\u00efque au sol r\u00e9alis\u00e9e par une mosa\u00efste MOF bas\u00e9e \u00e0 <b>Wazemmes<\/b>\u2009\u00bb, d\u00e9taille L\u00e9a.<\/p>\n<p class=\" wall-content\">Et c\u2019est justement dans ce tr\u00e8s populaire quartier lillois qu\u2019ouvrira, en septembre, la seconde boutique Pain Beurre. Aussi \u00e0 la place d\u2019une boulangerie. \u00ab\u2009On reprend le local de <b>Maison Doucet<\/b> qui a ferm\u00e9 pour cause de liquidation.\u2009\u00bb L\u00e0 encore, la localisation est id\u00e9ale, au <b>370 rue L\u00e9on Gambetta<\/b>, l\u00e0 o\u00f9 sont install\u00e9s de nombreux commerces de bouche.<\/p>\n<p class=\" wall-content\">\u00c0 Croix comme \u00e0 Wazemmes, il sera bien difficile de r\u00e9sister aux gourmandises que nous pr\u00e9pare Pain Beurre.<\/p>\n<p class=\" wall-content\">Suivez toute l\u2019actualit\u00e9 de vos villes et m\u00e9dias favoris en vous inscrivant \u00e0 <a href=\"https:\/\/moncompte.actu.fr\" title=\"D\u00e9couvez Mon Actu\" rel=\"nofollow noopener\" data-trk=\"{&quot;cta&quot;:{&quot;action&quot;:&quot;https:\\\/\\\/moncompte.actu.fr&quot;,&quot;category&quot;:&quot;mon compte&quot;,&quot;from&quot;:&quot;article footer&quot;,&quot;name&quot;:&quot;Mon actu&quot;,&quot;type&quot;:&quot;cta&quot;}}\" target=\"_blank\">Mon Actu<\/a>.<\/p>\n<p>                    <script async src=\"\/\/www.instagram.com\/embed.js\"><\/script><\/p>\n","protected":false},"excerpt":{"rendered":"Par Hervine Mahaud Publi\u00e9 le 14 mai 2025 \u00e0 18h30 L\u2019annonce fera plaisir aux fous de p\u00e2tisseries et&hellip;\n","protected":false},"author":2,"featured_media":100131,"comment_status":"","ping_status":"","sticky":false,"template":"","format":"standard","meta":{"footnotes":""},"categories":[2815],"tags":[1111,11,1477,344,33,1777,674,1011,27,811,1307,12,3147,25],"class_list":{"0":"post-100130","1":"post","2":"type-post","3":"status-publish","4":"format-standard","5":"has-post-thumbnail","7":"category-lille","8":"tag-actu","9":"tag-actualites","10":"tag-artisanat","11":"tag-creation-dentreprise","12":"tag-economie","13":"tag-eu","14":"tag-europe","15":"tag-fr","16":"tag-france","17":"tag-hauts-de-france","18":"tag-lille","19":"tag-news","20":"tag-nouveaux-commerces","21":"tag-republique-francaise"},"share_on_mastodon":{"url":"https:\/\/pubeurope.com\/@fr\/114507912578645429","error":""},"_links":{"self":[{"href":"https:\/\/www.europesays.com\/fr\/wp-json\/wp\/v2\/posts\/100130","targetHints":{"allow":["GET"]}}],"collection":[{"href":"https:\/\/www.europesays.com\/fr\/wp-json\/wp\/v2\/posts"}],"about":[{"href":"https:\/\/www.europesays.com\/fr\/wp-json\/wp\/v2\/types\/post"}],"author":[{"embeddable":true,"href":"https:\/\/www.europesays.com\/fr\/wp-json\/wp\/v2\/users\/2"}],"replies":[{"embeddable":true,"href":"https:\/\/www.europesays.com\/fr\/wp-json\/wp\/v2\/comments?post=100130"}],"version-history":[{"count":0,"href":"https:\/\/www.europesays.com\/fr\/wp-json\/wp\/v2\/posts\/100130\/revisions"}],"wp:featuredmedia":[{"embeddable":true,"href":"https:\/\/www.europesays.com\/fr\/wp-json\/wp\/v2\/media\/100131"}],"wp:attachment":[{"href":"https:\/\/www.europesays.com\/fr\/wp-json\/wp\/v2\/media?parent=100130"}],"wp:term":[{"taxonomy":"category","embeddable":true,"href":"https:\/\/www.europesays.com\/fr\/wp-json\/wp\/v2\/categories?post=100130"},{"taxonomy":"post_tag","embeddable":true,"href":"https:\/\/www.europesays.com\/fr\/wp-json\/wp\/v2\/tags?post=100130"}],"curies":[{"name":"wp","href":"https:\/\/api.w.org\/{rel}","templated":true}]}}