{"id":1001361,"date":"2026-06-15T10:07:43","date_gmt":"2026-06-15T10:07:43","guid":{"rendered":"https:\/\/www.europesays.com\/fr\/1001361\/"},"modified":"2026-06-15T10:07:43","modified_gmt":"2026-06-15T10:07:43","slug":"lutte-contre-le-cancer-ces-anticorps-capables-de-remplacer-la-chimiotherapie","status":"publish","type":"post","link":"https:\/\/www.europesays.com\/fr\/1001361\/","title":{"rendered":"Lutte contre le cancer\u00a0: ces anticorps capables de remplacer\u00a0la chimioth\u00e9rapie"},"content":{"rendered":"<p>Publi\u00e9s le 29\u00a0mai 2026 dans la prestigieuse revue scientifique The New England Journal of M\u00e9decine, les r\u00e9sultats d\u2019un essai clinique international impliquant 162\u00a0centres \u2013 dont le CHU de Nantes \u2013 d\u00e9montrent l\u2019int\u00e9r\u00eat d\u2019une immunoth\u00e9rapie par Teclistamab \u2013 un anticorps \u2013 d\u00e8s la premi\u00e8re r\u00e9cidive de la maladie chez les patients atteints de my\u00e9lome multiple. Dans cet essai, 70\u00a0% des patients ayant re\u00e7u ce m\u00e9dicament, le Teclistamab, n\u2019ont pas rechut\u00e9, contre 27\u00a0% pour ceux ayant re\u00e7u les traitements standards.<\/p>\n<p>Le r\u00f4le des anticorps bisp\u00e9cifiques\u00a0? Ce sont des mol\u00e9cules \u00e0 deux bras capables de mettre en contact une cellule immunitaire op\u00e9rationnelle avec la cellule tumorale \u00e0 d\u00e9truire.<\/p>\n<p>Cette publication a pour premier auteur le Pr Cyril Touzeau du CHU Nantes. Il dirige le service d\u2019h\u00e9matologie, tr\u00e8s reconnu dans la lutte contre les cancers h\u00e9matologiques ou cancers du sang\u00a0(1).<\/p>\n<p>Le my\u00e9lome multiple concerne la moelle osseuse, la partie \u00e0 l\u2019int\u00e9rieur des os, o\u00f9 sont produites les cellules du sang, en l\u2019occurrence les globules rouges, les globules blancs et les plaquettes.<\/p>\n<p>5\u00a0000\u00a0cas par an en France<\/p>\n<p>En France, environ 5\u00a0000\u00a0nouveaux cas de my\u00e9lome multiple sont diagnostiqu\u00e9s chaque ann\u00e9e. Le my\u00e9lome multiple repr\u00e9sente 10\u00a0% \u00e0 12\u00a0% de toutes les formes de cancers du sang.<\/p>\n<p>Habituellement, pour les patients jusqu\u2019\u00e0 70\u00a0ans, on le traite avec une chimioth\u00e9rapie intensive avec autogreffe, aux effets secondaires tr\u00e8s lourds et parfois difficiles \u00e0 supporter. Mais le d\u00e9veloppement de l\u2019immunoth\u00e9rapie\u00a0(et notamment des anticorps bi sp\u00e9cifique), selon Cyrille Touzeau, permet d\u2019envisager, dans un avenir proche, une approche diff\u00e9rente.<\/p>\n<p>Et cela d\u2019autant plus qu\u2019un autre anticorps bisp\u00e9cifique, le Elranatamab\u00a0(produit par un autre laboratoire) donne aussi, dans le cadre d\u2019une \u00e9tude clinique, des r\u00e9sultats prometteurs dans le cadre cette fois du traitement pr\u00e9coce de patients porteurs du my\u00e9lome multiple mais qui n\u2019ont pas encore de sympt\u00f4mes. C\u2019est aussi Cyrille Touzeau, qui en a pr\u00e9sent\u00e9 un premier bilan, \u00e0 l\u2019occasion du congr\u00e8s de l\u2019American Society of Clinical Oncology\u00a0(ASCO).<\/p>\n<p>(1) L\u2019h\u00f4pital priv\u00e9 du Confluent a aussi un service d\u2019h\u00e9matologie. En revanche, l\u2019ICO, l\u2019institut de canc\u00e9rologie de l\u2019ouest, n\u2019en a pas.<\/p>\n<p>\u00a0<\/p>\n","protected":false},"excerpt":{"rendered":"Publi\u00e9s le 29\u00a0mai 2026 dans la prestigieuse revue scientifique The New England Journal of M\u00e9decine, les r\u00e9sultats d\u2019un&hellip;\n","protected":false},"author":2,"featured_media":1001362,"comment_status":"","ping_status":"","sticky":false,"template":"","format":"standard","meta":{"footnotes":"","_share_on_mastodon":"0"},"categories":[9619],"tags":[1111,11,49474,101,71889,49942,1777,674,1011,27,7998,12,882,1990,25,2310],"class_list":["post-1001361","post","type-post","status-publish","format-standard","has-post-thumbnail","category-toulon","tag-actu","tag-actualites","tag-anticorps","tag-cancer","tag-capables","tag-chimiotherapie","tag-eu","tag-europe","tag-fr","tag-france","tag-lutte","tag-news","tag-provence-alpes-cote-dazur","tag-remplacer","tag-republique-francaise","tag-toulon"],"share_on_mastodon":{"url":"https:\/\/pubeurope.com\/@fr\/116753573202559530","error":""},"_links":{"self":[{"href":"https:\/\/www.europesays.com\/fr\/wp-json\/wp\/v2\/posts\/1001361","targetHints":{"allow":["GET"]}}],"collection":[{"href":"https:\/\/www.europesays.com\/fr\/wp-json\/wp\/v2\/posts"}],"about":[{"href":"https:\/\/www.europesays.com\/fr\/wp-json\/wp\/v2\/types\/post"}],"author":[{"embeddable":true,"href":"https:\/\/www.europesays.com\/fr\/wp-json\/wp\/v2\/users\/2"}],"replies":[{"embeddable":true,"href":"https:\/\/www.europesays.com\/fr\/wp-json\/wp\/v2\/comments?post=1001361"}],"version-history":[{"count":0,"href":"https:\/\/www.europesays.com\/fr\/wp-json\/wp\/v2\/posts\/1001361\/revisions"}],"wp:featuredmedia":[{"embeddable":true,"href":"https:\/\/www.europesays.com\/fr\/wp-json\/wp\/v2\/media\/1001362"}],"wp:attachment":[{"href":"https:\/\/www.europesays.com\/fr\/wp-json\/wp\/v2\/media?parent=1001361"}],"wp:term":[{"taxonomy":"category","embeddable":true,"href":"https:\/\/www.europesays.com\/fr\/wp-json\/wp\/v2\/categories?post=1001361"},{"taxonomy":"post_tag","embeddable":true,"href":"https:\/\/www.europesays.com\/fr\/wp-json\/wp\/v2\/tags?post=1001361"}],"curies":[{"name":"wp","href":"https:\/\/api.w.org\/{rel}","templated":true}]}}