{"id":100147,"date":"2025-05-14T19:55:11","date_gmt":"2025-05-14T19:55:11","guid":{"rendered":"https:\/\/www.europesays.com\/fr\/100147\/"},"modified":"2025-05-14T19:55:11","modified_gmt":"2025-05-14T19:55:11","slug":"la-billetterie-pour-la-finale-a-fait-beaucoup-de-mecontents-chez-les-parisiens","status":"publish","type":"post","link":"https:\/\/www.europesays.com\/fr\/100147\/","title":{"rendered":"La billetterie pour la finale a fait beaucoup de m\u00e9contents chez les Parisiens"},"content":{"rendered":"<p>Comme l\u2019Inter Milan, le <a href=\"https:\/\/www.20minutes.fr\/sport\/psg\/\" target=\"_blank\" class=\"color-ultramarine c-link\" rel=\"noopener\">PSG <\/a>dispose de 18.000 places pour la finale de la <a href=\"https:\/\/www.20minutes.fr\/sport\/ligue_des_champions\/\" target=\"_blank\" class=\"color-ultramarine c-link\" rel=\"noopener\">Ligue des champions<\/a>, qui aura lieu le 31\u00a0mai \u00e0 l\u2019Allianz Arena de Munich. Le club parisien avait pr\u00e9vu trois vagues de vente pour ses supporters, en donnant la priorit\u00e9 aux plus anciens. Deux auront finalement suffi, et au vu des commentaires sur les r\u00e9seaux sociaux, l\u2019organisation a fait beaucoup de d\u00e9\u00e7us.<\/p>\n<p>Comme expliqu\u00e9 <a href=\"https:\/\/billetterie.psg.fr\/fr\/offres\/finale-de-ligue-des-champions\" rel=\"nofollow noopener\" target=\"_blank\" class=\"color-ultramarine c-link\">sur le site du club<\/a>, la vague 1 \u00e9tait destin\u00e9e aux abonn\u00e9s ayant au moins un an d\u2019anciennet\u00e9 et qui ont assist\u00e9 en personne \u00e0 75\u00a0% (en virage) ou 50\u00a0% (pour les tribunes les plus ch\u00e8res) des matchs. La num\u00e9ro\u00a02 s\u2019adressait aux abonn\u00e9s ayant \u00e9galement un an d\u2019anciennet\u00e9, et qui ont assist\u00e9 physiquement \u00e0 entre 3 et 10 matchs au<a href=\"https:\/\/www.20minutes.fr\/sport\/parc_des_princes\/\" target=\"_blank\" class=\"color-ultramarine c-link\" rel=\"noopener\"> Parc des Princes<\/a> cette saison. La derni\u00e8re \u00e9tait pour tous les autres. Pour acheter un ou plusieurs billets, les personnes int\u00e9ress\u00e9es devaient attendre un code envoy\u00e9 par mail, puis se connecter sur le site de l\u2019UEFA.<\/p>\n<\/p>\n<p>Mais la premi\u00e8re fourn\u00e9e, organis\u00e9e du 9 au 13\u00a0mai, a \u00e9t\u00e9 un tel carton qu\u2019il ne restait \u00e0 la fin que quelque 5.000 places. Lesquelles sont toutes parties en une poign\u00e9e de minute lors de la deuxi\u00e8me vague, laissant de nombreux supporters \u00e0 la frustration.<\/p>\n<p>\u00ab\u00a0Fiasco\u00a0\u00bb<\/p>\n<p>Certains se plaignent d\u2019avoir re\u00e7u leurs codes trop tard, d\u2019autres de ne pas avoir pu finaliser leur achat. Entre autres dysfonctionnements. \u00ab\u00a0Abonn\u00e9 depuis 17 ans, je serai \u00e0 la maison le 31\u00a0mai pendant que des mecs font du business en vendant des places \u00e0 1.500-2.000\u20ac, \u00e9crit ainsi sur X un internaute. Merci le PSG pour cette gestion catastrophique et le respect pour vos fans, ne changez rien. Ou plut\u00f4t si, changez tout.\u00a0\u00bb<\/p>\n<p>De mani\u00e8re g\u00e9n\u00e9rale, beaucoup regrettent un manque de communication de la part du club, qui hormis l\u2019explication de base du syst\u00e8me, n\u2019a pas alert\u00e9 sur les horaires d\u2019ouverture pr\u00e9cis de la billetterie. \u00ab\u00a0Quel fiasco. T\u2019attends toute la journ\u00e9e le fameux mail, connexion 3 minutes apr\u00e8s sa r\u00e9ception et l\u00e0, c\u2019est mort, d\u00e9plore un autre supporter. D\u00e9prim\u00e9.\u00a0\u00bb<\/p>\n<p class=\"mb-m@xs text-l@xs\">En cliquant sur\u00ab J\u2019accepte \u00bb, vous acceptez le d\u00e9p\u00f4t de cookies par des services externes et aurez ainsi acc\u00e8s aux contenus de nos partenaires.<\/p>\n<p class=\"mb-xl@xs text-s@xs\">Plus d\u2019informations sur la page<a href=\"https:\/\/www.20minutes.fr\/gestion-cookies\" class=\"mx-xxs@xs color-ultramarine\" target=\"_blank\" rel=\"noopener\">Politique de gestion des cookies<\/a><\/p>\n<p>J\u2019accepte<\/p>\n<p>On partagera pour terminer ce long message d\u2019un abonn\u00e9 \u00ab\u00a0depuis tout petit\u00a0\u00bb, entre tristesse et ironie\u00a0:<\/p>\n<p>\u00ab\u00a0Qui aurait imagin\u00e9 que cette billetterie \u00ab\u00a0organis\u00e9e\u00a0\u00bb par vague provoquerait un tel tsunami \u00e9motionnel\u00a0? En quittant le Parc mercredi dernier, j\u2019avais d\u00e9j\u00e0 la t\u00eate \u00e0 Munich, avec mes amis abonn\u00e9s, pour te soutenir. Et l\u00e0\u2026 catastrophe\u00a0! Une communication complexe, un syst\u00e8me de vagues douteux, une prime \u00e0 l\u2019anciennet\u00e9 pas respect\u00e9e, un e-mail re\u00e7u \u00e0 19h30 pour certaines personnes de la vague 2\u2026 Et puis, c\u2019est l\u2019ascenseur \u00e9motionnel. Je fais partie des chanceux qui ont pu se connecter sur la billetterie UEFA, j\u2019avais m\u00eame ajout\u00e9 mes 2 places dans mon panier, j\u2019ai cri\u00e9 de joie, et l\u00e0\u2026 \u00ab\u00a0ERROR\u00a0\u00bb. C\u2019est pire que la main de Kimpembe \u00e0 la 90e, pire encore que la sanction de Sergi Roberto \u00e0 la 95e\u00a0! Je suis inconsolable.\u00a0\u00bb<\/p>\n<p><a href=\"https:\/\/www.20minutes.fr\/sport\/psg\/\" target=\"_blank\" class=\"c-link c-btn c-btn--primary\" rel=\"noopener\">Toute l&rsquo;actu du PSG<\/a><\/p>\n<p>Le stade du<a href=\"https:\/\/www.20minutes.fr\/sport\/bayern_munich\/\" target=\"_blank\" class=\"color-ultramarine c-link\" rel=\"noopener\"> Bayern Munich<\/a> dispose d\u2019une capacit\u00e9 de 64.500 places. Derri\u00e8re les 36.000 allou\u00e9s aux deux clubs finalistes, le reste est r\u00e9serv\u00e9 pour les sponsors et le grand public. Les malchanceux peuvent toujours se tourner vers cette option, m\u00eame s\u2019ils ne pourront pas vivre la rencontre au milieu des leurs.<\/p>\n","protected":false},"excerpt":{"rendered":"Comme l\u2019Inter Milan, le PSG dispose de 18.000 places pour la finale de la Ligue des champions, qui&hellip;\n","protected":false},"author":2,"featured_media":100148,"comment_status":"","ping_status":"","sticky":false,"template":"","format":"standard","meta":{"footnotes":""},"categories":[1888],"tags":[1111,1928,11,1927,1777,674,63,1011,27,4788,447,1897,12,1926,626,1925,2332,25,517,1015],"class_list":{"0":"post-100147","1":"post","2":"type-post","3":"status-publish","4":"format-standard","5":"has-post-thumbnail","7":"category-paris","8":"tag-actu","9":"tag-actu-paris","10":"tag-actualites","11":"tag-actualites-paris","12":"tag-eu","13":"tag-europe","14":"tag-football","15":"tag-fr","16":"tag-france","17":"tag-inter-milan","18":"tag-ligue-des-champions","19":"tag-munich","20":"tag-news","21":"tag-news-paris","22":"tag-paris","23":"tag-paris-news","24":"tag-paris-saint-germain-psg","25":"tag-republique-francaise","26":"tag-sport","27":"tag-supporter"},"share_on_mastodon":{"url":"https:\/\/pubeurope.com\/@fr\/114507947930862821","error":""},"_links":{"self":[{"href":"https:\/\/www.europesays.com\/fr\/wp-json\/wp\/v2\/posts\/100147","targetHints":{"allow":["GET"]}}],"collection":[{"href":"https:\/\/www.europesays.com\/fr\/wp-json\/wp\/v2\/posts"}],"about":[{"href":"https:\/\/www.europesays.com\/fr\/wp-json\/wp\/v2\/types\/post"}],"author":[{"embeddable":true,"href":"https:\/\/www.europesays.com\/fr\/wp-json\/wp\/v2\/users\/2"}],"replies":[{"embeddable":true,"href":"https:\/\/www.europesays.com\/fr\/wp-json\/wp\/v2\/comments?post=100147"}],"version-history":[{"count":0,"href":"https:\/\/www.europesays.com\/fr\/wp-json\/wp\/v2\/posts\/100147\/revisions"}],"wp:featuredmedia":[{"embeddable":true,"href":"https:\/\/www.europesays.com\/fr\/wp-json\/wp\/v2\/media\/100148"}],"wp:attachment":[{"href":"https:\/\/www.europesays.com\/fr\/wp-json\/wp\/v2\/media?parent=100147"}],"wp:term":[{"taxonomy":"category","embeddable":true,"href":"https:\/\/www.europesays.com\/fr\/wp-json\/wp\/v2\/categories?post=100147"},{"taxonomy":"post_tag","embeddable":true,"href":"https:\/\/www.europesays.com\/fr\/wp-json\/wp\/v2\/tags?post=100147"}],"curies":[{"name":"wp","href":"https:\/\/api.w.org\/{rel}","templated":true}]}}