{"id":1001507,"date":"2026-06-15T11:36:16","date_gmt":"2026-06-15T11:36:16","guid":{"rendered":"https:\/\/www.europesays.com\/fr\/1001507\/"},"modified":"2026-06-15T11:36:16","modified_gmt":"2026-06-15T11:36:16","slug":"une-photo-dans-une-mosquee-nantaise-declenche-un-deferlement-de-haine-contre-la-maire-de-nantes","status":"publish","type":"post","link":"https:\/\/www.europesays.com\/fr\/1001507\/","title":{"rendered":"Une photo dans une mosqu\u00e9e nantaise d\u00e9clenche un \u00ab\u00a0d\u00e9ferlement de haine\u00a0\u00bb contre la maire de Nantes"},"content":{"rendered":"<p>\n    Relatant sur Facebook sa rencontre, Johanna Rolland a exprim\u00e9 sa col\u00e8re \u00e0 la suite de commentaires probl\u00e9matiques. Dans un message, elle pr\u00e9cise que ces posts, masqu\u00e9s depuis, seront signal\u00e9s sur Pharos.<\/p>\n<p class=\"fig-paragraph\">\u00ab\u00c7a suffit!\u00bb s\u2019est emport\u00e9e samedi la\u00a0<a href=\"http:\/\/www.lefigaro.fr\/elections\/municipales\/municipales-a-nantes-une-victoire-a-la-pyrrhus-pour-johanna-rolland-apres-son-pacte-avec-lfi-20260323\" target=\"_blank\" data-fig-type=\"NewsFlash\" rel=\"noopener nofollow\" data-gtm-custom-categorie=\"navigation\" data-gtm-custom-action=\"crossclick\" data-gtm-custom-label=\"Contextuel\" data-gtm-event=\"customEventSPE\" data-fig-domain=\"LEFIGARO\">maire de Nantes Johanna Rolland<\/a>. La veille, elle avait visit\u00e9 la nouvelle mosqu\u00e9e de\u00a0<a href=\"http:\/\/www.lefigaro.fr\/nantes\/tirs-appartements-cribles-de-balles-les-reglements-de-compte-se-multiplient-dans-le-quartier-de-la-beaujoire-a-nantes-20251118\" target=\"_blank\" data-fig-type=\"NewsFlash\" rel=\"noopener nofollow\" data-gtm-custom-categorie=\"navigation\" data-gtm-custom-action=\"crossclick\" data-gtm-custom-label=\"Contextuel\" data-gtm-event=\"customEventSPE\" data-fig-domain=\"LEFIGARO\">la Beaujoire<\/a>, dans l\u2019est de la ville. Quasiment termin\u00e9, ce nouveau lieu de culte musulman accueille depuis mi-f\u00e9vrier des fid\u00e8les. Apr\u00e8s sa visite, l\u2019\u00e9dile socialiste avait post\u00e9 sur Instagram et Facebook deux photos o\u00f9 elle posait en compagnie du bureau de l\u2019Association culturelle des musulmans de Nantes-Est. Or, cette publication a donn\u00e9 lieu \u00e0 \u00abun d\u00e9ferlement de haine raciste et islamophobe dans les commentaires\u00bb, a fustig\u00e9 dans un long message publi\u00e9 sur Facebook l\u2019\u00e9lue. \u00abMon \u00e9quipe s\u2019applique \u00e0 masquer chacun de ces posts qui seront tous signal\u00e9s sur\u00a0<a href=\"http:\/\/www.lefigaro.fr\/actualite-france\/la-plateforme-de-signalement-pharos-va-etre-utilisee-dans-la-lutte-contre-le-trafic-de-stupefiants-20251203\" data-fig-type=\"NewsFlash\" data-gtm-custom-categorie=\"navigation\" data-gtm-custom-action=\"crossclick\" data-gtm-custom-label=\"Contextuel\" data-gtm-event=\"customEventSPE\" data-fig-domain=\"LEFIGARO\" rel=\"nofollow noopener\" target=\"_blank\">la plateforme Pharos<\/a> \u00bb, a-t-elle pr\u00e9cis\u00e9. La plateforme gouvernementale cr\u00e9\u00e9e en 2009 permet de signaler des contenus en ligne, ces derniers \u00e9tant ensuite filtr\u00e9s et transmis aux autorit\u00e9s.<\/p>\n<p class=\"fig-paragraph\">\u00abDans notre pays, chacun a le droit de vivre sa religion en paix, et il est inacceptable, voire ill\u00e9gal pour certains, que ces commentaires prosp\u00e8rent\u00bb, a encore d\u00e9nonc\u00e9 Johanna Rolland. \u00abLa lib\u00e9ration de la parole raciste, mais aussi misogyne, homophobe, grossophobe\u2026 gr\u00e2ce \u00e0 l\u2019anonymat des r\u00e9seaux sociaux devient intol\u00e9rable\u00bb, a-t-elle critiqu\u00e9, ajoutant s\u2019\u00eatre d\u00e9j\u00e0 rendue dans la\u00a0<a href=\"http:\/\/www.lefigaro.fr\/nantes\/une-grande-joie-a-nantes-l-emotion-des-fideles-retrouvant-leur-cathedrale-lors-de-la-messe-solennelle-de-reouverture-20250928\" target=\"_blank\" data-fig-type=\"NewsFlash\" rel=\"noopener nofollow\" data-gtm-custom-categorie=\"navigation\" data-gtm-custom-action=\"crossclick\" data-gtm-custom-label=\"Contextuel\" data-gtm-event=\"customEventSPE\" data-fig-domain=\"LEFIGARO\">cath\u00e9drale de Nantes<\/a>\u00a0ou \u00e0 la synagogue.<\/p>\n<p>                                            <a class=\"fig-a11y-skip\" href=\"#fig-a11y-skip-main-inarticle\" is=\"fig-a11y-skip\" data-trigger-mode=\"visible-once\"><br \/>\n    Passer la publicit\u00e9<br \/>\n<\/a>            <\/p>\n<p>                                            Un message tr\u00e8s comment\u00e9<\/p>\n<p class=\"fig-paragraph\">Son cri de col\u00e8re a suscit\u00e9 2\u00a0600 commentaires, un chiffre particuli\u00e8rement \u00e9lev\u00e9 par rapport \u00e0 ses autres actualit\u00e9s. R\u00e9cemment, son message de soutien aux musulmans, apr\u00e8s\u00a0<a href=\"http:\/\/www.lefigaro.fr\/nantes\/loire-atlantique-l-interdiction-de-la-rencontre-annuelle-des-musulmans-de-l-ouest-confirmee-par-la-justice-20260523\" data-fig-type=\"NewsFlash\" data-gtm-custom-categorie=\"navigation\" data-gtm-custom-action=\"crossclick\" data-gtm-custom-label=\"Contextuel\" data-gtm-event=\"customEventSPE\" data-fig-domain=\"LEFIGARO\" rel=\"nofollow noopener\" target=\"_blank\">l\u2019interdiction pr\u00e9fectorale en mai de la Rencontre annuelle des musulmans de l\u2019Ouest<\/a>, avait fait l\u2019objet de 2\u00a0900 commentaires.<\/p>\n<p class=\"fig-paragraph\">Apr\u00e8s cette mesure confirm\u00e9e par le tribunal administratif de Nantes, Johanna Rolland avait adress\u00e9 un mot de soutien \u00e0 l\u2019\u00e9gard des citoyens de confession musulmane. \u00abSi la plus grande intransigeance s\u2019impose face \u00e0 toutes formes d\u2019int\u00e9grisme religieux, la R\u00e9publique se doit aussi de rassembler. Je partage l\u2019\u00e9motion et la d\u00e9ception des organisateurs, ainsi que de celles et ceux qui pr\u00e9voyaient d\u2019y participer\u00bb, avait-elle \u00e9crit le 23 mai.<\/p>\n","protected":false},"excerpt":{"rendered":"Relatant sur Facebook sa rencontre, Johanna Rolland a exprim\u00e9 sa col\u00e8re \u00e0 la suite de commentaires probl\u00e9matiques. Dans&hellip;\n","protected":false},"author":2,"featured_media":1001508,"comment_status":"","ping_status":"","sticky":false,"template":"","format":"standard","meta":{"footnotes":"","_share_on_mastodon":"0"},"categories":[2818],"tags":[1111,11,1777,674,1011,27,5318,6945,766,12,2636,25],"class_list":["post-1001507","post","type-post","status-publish","format-standard","has-post-thumbnail","category-nantes","tag-actu","tag-actualites","tag-eu","tag-europe","tag-fr","tag-france","tag-islam","tag-johanna-rolland","tag-nantes","tag-news","tag-pays-de-la-loire","tag-republique-francaise"],"share_on_mastodon":{"url":"https:\/\/pubeurope.com\/@fr\/116753923338221369","error":""},"_links":{"self":[{"href":"https:\/\/www.europesays.com\/fr\/wp-json\/wp\/v2\/posts\/1001507","targetHints":{"allow":["GET"]}}],"collection":[{"href":"https:\/\/www.europesays.com\/fr\/wp-json\/wp\/v2\/posts"}],"about":[{"href":"https:\/\/www.europesays.com\/fr\/wp-json\/wp\/v2\/types\/post"}],"author":[{"embeddable":true,"href":"https:\/\/www.europesays.com\/fr\/wp-json\/wp\/v2\/users\/2"}],"replies":[{"embeddable":true,"href":"https:\/\/www.europesays.com\/fr\/wp-json\/wp\/v2\/comments?post=1001507"}],"version-history":[{"count":0,"href":"https:\/\/www.europesays.com\/fr\/wp-json\/wp\/v2\/posts\/1001507\/revisions"}],"wp:featuredmedia":[{"embeddable":true,"href":"https:\/\/www.europesays.com\/fr\/wp-json\/wp\/v2\/media\/1001508"}],"wp:attachment":[{"href":"https:\/\/www.europesays.com\/fr\/wp-json\/wp\/v2\/media?parent=1001507"}],"wp:term":[{"taxonomy":"category","embeddable":true,"href":"https:\/\/www.europesays.com\/fr\/wp-json\/wp\/v2\/categories?post=1001507"},{"taxonomy":"post_tag","embeddable":true,"href":"https:\/\/www.europesays.com\/fr\/wp-json\/wp\/v2\/tags?post=1001507"}],"curies":[{"name":"wp","href":"https:\/\/api.w.org\/{rel}","templated":true}]}}