{"id":100157,"date":"2025-05-14T20:00:16","date_gmt":"2025-05-14T20:00:16","guid":{"rendered":"https:\/\/www.europesays.com\/fr\/100157\/"},"modified":"2025-05-14T20:00:16","modified_gmt":"2025-05-14T20:00:16","slug":"au-tour-de-sanofi-dannoncer-un-investissement-majeur-aux-etats-unis-14-05-2025-a-2115","status":"publish","type":"post","link":"https:\/\/www.europesays.com\/fr\/100157\/","title":{"rendered":"Au tour de Sanofi d&rsquo;annoncer un investissement majeur aux Etats-Unis &#8211; 14\/05\/2025 \u00e0 21:15"},"content":{"rendered":"<p>        <img fetchpriority=\"high\" decoding=\"async\" src=\"https:\/\/www.europesays.com\/fr\/wp-content\/uploads\/2025\/05\/6c10a8c7cf796cca548b1f31b01a775b-760x507.jpg\" alt=\"Sanofi compte &quot;investir au moins 20 milliards de dollars aux \u00c9tats-Unis d'ici 2030&quot; ( AFP \/ ALAIN JOCARD )\" loading=\"eager\" width=\"760\" height=\"507\" style=\"max-width: 100%!important; height: auto;\"\/><\/p>\n<p class=\"c-image-news__legend\">Sanofi compte \u00ab\u00a0investir au moins 20 milliards de dollars aux \u00c9tats-Unis d&rsquo;ici 2030\u00a0\u00bb ( AFP \/ ALAIN JOCARD )<\/p>\n<p>\n Le g\u00e9ant pharmaceutique fran\u00e7ais<br \/>\n <a href=\"https:\/\/www.boursorama.com\/cours\/1rPSAN\/\" rel=\"nofollow noopener\" target=\"_blank\"><br \/>\n  Sanofi<br \/>\n <\/a><br \/>\n , dont la moiti\u00e9 des ventes sont am\u00e9ricaines, a annonc\u00e9 mercredi son intention d'\u00a0\u00bbinvestir au moins 20 milliards de dollars aux Etats-Unis d&rsquo;ici 2030&Prime;, embo\u00eetant le pas \u00e0 d&rsquo;autres laboratoires qui ont d\u00e9j\u00e0 pris la m\u00eame initiative pour se pr\u00e9munir d&rsquo;\u00e9ventuels droits de douane.\n<\/p>\n<p>\n Le groupe tricolore r\u00e9alise \u00e0 peu pr\u00e8s la moiti\u00e9 de son chiffre d&rsquo;affaires aux \u00c9tats-Unis, o\u00f9 seulement 25% de sa production est implant\u00e9e, r\u00e9partie dans cinq usines.\n<\/p>\n<p>\n Son annonce n&rsquo;est pas vraiment une surprise puisque la direction avait pr\u00e9par\u00e9 le terrain fin avril en d\u00e9clarant envisager d&rsquo;augmenter ses investissements aux Etats-Unis.\n<\/p>\n<p>\n Elle intervient n\u00e9anmoins dans un climat d&rsquo;impr\u00e9visibilit\u00e9 et donc d&rsquo;inqui\u00e9tude concernant la politique commerciale am\u00e9ricaine du m\u00e9dicament.\n<\/p>\n<p>\n Dans son communiqu\u00e9 diffus\u00e9 aux Etats-Unis, Sanofi indique qu&rsquo;il compte augmenter \u00ab\u00a0consid\u00e9rablement ses d\u00e9penses de recherche et d\u00e9veloppement\u00a0\u00bb aux Etats-Unis et d&rsquo;y \u00ab\u00a0\u00e9tendre sa capacit\u00e9 de production\u00a0\u00bb, \u00e0 la fois par \u00ab\u00a0des investissements directs\u00a0\u00bb dans ses sites et par des partenariats avec d&rsquo;autres fabricants nationaux, afin d&rsquo;assurer la production de m\u00e9dicaments aux Etats-Unis\u00a0\u00bb.\n<\/p>\n<p>\n Ces investissements \u00ab\u00a0contribueront \u00e0 garantir la production de m\u00e9dicaments essentiels aux \u00c9tats-Unis\u00a0\u00bb, a d\u00e9clar\u00e9 le patron de Sanofi, Paul Hudson cit\u00e9 dans le communiqu\u00e9.\n<\/p>\n<p>\n Il n&rsquo;est pas pr\u00e9cis\u00e9 quelle proportion des 20 milliards de dollars envisag\u00e9s correspond \u00e0 des investissements d\u00e9j\u00e0 pr\u00e9vus et quelle part repr\u00e9sentent de nouveaux investissements.\n<\/p>\n<p>\n \u00ab\u00a0Les investissements pr\u00e9vus devraient cr\u00e9er un nombre important d&#8217;emplois bien r\u00e9mun\u00e9r\u00e9s\u00a0\u00bb dans les ann\u00e9es \u00e0 venir, assure Sanofi, qui compte 13.000 employ\u00e9s bas\u00e9s aux Etats-Unis.\n<\/p>\n<p>\n A l&rsquo;occasion de ses r\u00e9sultats trimestriels et sans trop s&rsquo;avancer, le directeur financier de Sanofi, Fran\u00e7ois Roger, avait d\u00e9clar\u00e9 fin avril que Sanofi \u00e9valuait ses besoins de capacit\u00e9 de production aux Etats-Unis o\u00f9 le groupe envisageait \u00ab\u00a0potentiellement des investissements suppl\u00e9mentaires\u00a0\u00bb.\n<\/p>\n<p>\n \u00ab\u00a0M\u00eame avant toute la discussion sur les droits de douane\u00a0\u00bb, Sanofi avait planifi\u00e9 de fabriquer davantage aux Etats-Unis, avait-il soulign\u00e9, disant surveiller \u00ab\u00a0de pr\u00e8s le d\u00e9veloppement\u00a0\u00bb de la situation li\u00e9e \u00e0 l&rsquo;offensive protectionniste am\u00e9ricaine.\n<\/p>\n<p> &#8211; Strat\u00e9gie d&rsquo;alignement &#8211;<\/p>\n<p>\n Avant Sanofi, d&rsquo;autres grands noms de la pharmacie, comme Eli Lilly, Johnson &amp; Johnson, Merck, Roche et Novartis, avaient d\u00e9j\u00e0 annonc\u00e9 de grands programmes d&rsquo;investissements outre-Atlantique pour r\u00e9pondre aux attentes de Washington qui exerce des pressions pour encourager le retour des gros laboratoires aux Etats-Unis, grand importateur de m\u00e9dicaments.\n<\/p>\n<p>\n Cette strat\u00e9gie d&rsquo;alignement vise \u00e0 att\u00e9nuer les risques de droits de douane et \u00e0 rester comp\u00e9titif sur le march\u00e9 am\u00e9ricain, le plus important au monde pour le secteur pharmaceutique.\n<\/p>\n<p>\n Le prix du m\u00e9dicament y est significativement plus \u00e9lev\u00e9 qu&rsquo;en Europe, du fait d&rsquo;un syst\u00e8me de sant\u00e9 o\u00f9 les assureurs priv\u00e9s jouent un r\u00f4le cl\u00e9 dans la fixation des prix.\n<\/p>\n<p>\n Selon une \u00e9tude de la Rand Corporation, les Am\u00e9ricains payent en moyenne 2,5 fois plus pour les m\u00e9dicaments sur ordonnance que les Fran\u00e7ais par exemple.\n<\/p>\n<p>\n Aussi, le pr\u00e9sident am\u00e9ticain Donald Trump a annonc\u00e9 lundi un plan pour baisser les prix des m\u00e9dicaments sur ordonnance aux Etats-Unis, afin de les aligner sur les prix les plus bas pratiqu\u00e9s ailleurs dans le monde.\n<\/p>\n<p>\n Sans avoir suffisamment de d\u00e9tails sur ce plan, il est compliqu\u00e9 pour les experts du secteur d&rsquo;\u00e9valuer un possible impact sur la rentabilit\u00e9 des soci\u00e9t\u00e9s pharmaceutiques. Celles-ci \u00e9chappent pour l&rsquo;heure aux droits de douane mais la vigilance reste de mise.\n<\/p>\n<p>\n En parall\u00e8le, les laboratoires europ\u00e9ens demandent avec insistance des mesures destin\u00e9es \u00e0 renforcer la comp\u00e9titivit\u00e9 du secteur sur le Vieux Continent, dont une r\u00e9vision \u00e0 la hausse des prix.\n<\/p>\n<p>\n Les Etats-Unis sont la principale destination des exportations des laboratoires europ\u00e9ens: l\u2019an dernier, 38,2% de leurs ventes hors Union europ\u00e9enne y ont \u00e9t\u00e9 r\u00e9alis\u00e9es, g\u00e9n\u00e9rant un exc\u00e9dent commercial record de 74 milliards d\u2019euros, selon des donn\u00e9es d&rsquo;Eurostat.<\/p>\n","protected":false},"excerpt":{"rendered":"Sanofi compte \u00ab\u00a0investir au moins 20 milliards de dollars aux \u00c9tats-Unis d&rsquo;ici 2030\u00a0\u00bb ( AFP \/ ALAIN JOCARD&hellip;\n","protected":false},"author":2,"featured_media":100158,"comment_status":"","ping_status":"","sticky":false,"template":"","format":"standard","meta":{"footnotes":""},"categories":[1589],"tags":[400,11,398,408,405,73,1866,403,402,399,404,12,401,406,1864,1865,1863,308,407],"class_list":{"0":"post-100157","1":"post","2":"type-post","3":"status-publish","4":"format-standard","5":"has-post-thumbnail","7":"category-etats-unis","8":"tag-action-cac-40","9":"tag-actualites","10":"tag-bourse-de-paris","11":"tag-boursorama","12":"tag-cotations","13":"tag-etats-unis","14":"tag-etats-unis-damerique","15":"tag-indices-devises","16":"tag-investir","17":"tag-investissement","18":"tag-marche-boursier","19":"tag-news","20":"tag-sicav","21":"tag-trackers","22":"tag-united-states","23":"tag-united-states-of-america","24":"tag-us","25":"tag-usa","26":"tag-warrants"},"share_on_mastodon":{"url":"https:\/\/pubeurope.com\/@fr\/114507967659214672","error":""},"_links":{"self":[{"href":"https:\/\/www.europesays.com\/fr\/wp-json\/wp\/v2\/posts\/100157","targetHints":{"allow":["GET"]}}],"collection":[{"href":"https:\/\/www.europesays.com\/fr\/wp-json\/wp\/v2\/posts"}],"about":[{"href":"https:\/\/www.europesays.com\/fr\/wp-json\/wp\/v2\/types\/post"}],"author":[{"embeddable":true,"href":"https:\/\/www.europesays.com\/fr\/wp-json\/wp\/v2\/users\/2"}],"replies":[{"embeddable":true,"href":"https:\/\/www.europesays.com\/fr\/wp-json\/wp\/v2\/comments?post=100157"}],"version-history":[{"count":0,"href":"https:\/\/www.europesays.com\/fr\/wp-json\/wp\/v2\/posts\/100157\/revisions"}],"wp:featuredmedia":[{"embeddable":true,"href":"https:\/\/www.europesays.com\/fr\/wp-json\/wp\/v2\/media\/100158"}],"wp:attachment":[{"href":"https:\/\/www.europesays.com\/fr\/wp-json\/wp\/v2\/media?parent=100157"}],"wp:term":[{"taxonomy":"category","embeddable":true,"href":"https:\/\/www.europesays.com\/fr\/wp-json\/wp\/v2\/categories?post=100157"},{"taxonomy":"post_tag","embeddable":true,"href":"https:\/\/www.europesays.com\/fr\/wp-json\/wp\/v2\/tags?post=100157"}],"curies":[{"name":"wp","href":"https:\/\/api.w.org\/{rel}","templated":true}]}}