{"id":100188,"date":"2025-05-14T20:19:12","date_gmt":"2025-05-14T20:19:12","guid":{"rendered":"https:\/\/www.europesays.com\/fr\/100188\/"},"modified":"2025-05-14T20:19:12","modified_gmt":"2025-05-14T20:19:12","slug":"roanne-inauguration-de-la-huitieme-boite-a-livres","status":"publish","type":"post","link":"https:\/\/www.europesays.com\/fr\/100188\/","title":{"rendered":"Roanne. Inauguration de la huiti\u00e8me bo\u00eete \u00e0 livres"},"content":{"rendered":"<p>Ce mardi 13\u00a0mai, Yves Nicolin a inaugur\u00e9 la 8\u00e8 bo\u00eete \u00e0 livres de la ville. Devant la vingtaine de personnes r\u00e9unies, il a remerci\u00e9 Walter, le concepteur, Julien et Christophe, qui l\u2019ont install\u00e9e, et les menuisiers qui l\u2019ont \u00e9labor\u00e9e. \u00c0 l\u2019initiative du conseil de quartier Centre, ce clin d\u2019\u0153il au kiosque de la place des Promenades, par son design, est vou\u00e9 \u00e0 \u00eatre nourri, en contrepartie des ouvrages emprunt\u00e9s par les utilisateurs.<\/p>\n","protected":false},"excerpt":{"rendered":"Ce mardi 13\u00a0mai, Yves Nicolin a inaugur\u00e9 la 8\u00e8 bo\u00eete \u00e0 livres de la ville. Devant la vingtaine&hellip;\n","protected":false},"author":2,"featured_media":100189,"comment_status":"","ping_status":"","sticky":false,"template":"","format":"standard","meta":{"footnotes":""},"categories":[1357],"tags":[1379,58,16734,59,1011,27,1380,9838,20195,104,1631],"class_list":{"0":"post-100188","1":"post","2":"type-post","3":"status-publish","4":"format-standard","5":"has-post-thumbnail","7":"category-livres","8":"tag-books","9":"tag-divertissement","10":"tag-edition-loire-nord","11":"tag-entertainment","12":"tag-fr","13":"tag-france","14":"tag-livres","15":"tag-roanne","16":"tag-roanne-ville","17":"tag-societe","18":"tag-vie-associative"},"share_on_mastodon":{"url":"https:\/\/pubeurope.com\/@fr\/114508042300043082","error":""},"_links":{"self":[{"href":"https:\/\/www.europesays.com\/fr\/wp-json\/wp\/v2\/posts\/100188","targetHints":{"allow":["GET"]}}],"collection":[{"href":"https:\/\/www.europesays.com\/fr\/wp-json\/wp\/v2\/posts"}],"about":[{"href":"https:\/\/www.europesays.com\/fr\/wp-json\/wp\/v2\/types\/post"}],"author":[{"embeddable":true,"href":"https:\/\/www.europesays.com\/fr\/wp-json\/wp\/v2\/users\/2"}],"replies":[{"embeddable":true,"href":"https:\/\/www.europesays.com\/fr\/wp-json\/wp\/v2\/comments?post=100188"}],"version-history":[{"count":0,"href":"https:\/\/www.europesays.com\/fr\/wp-json\/wp\/v2\/posts\/100188\/revisions"}],"wp:featuredmedia":[{"embeddable":true,"href":"https:\/\/www.europesays.com\/fr\/wp-json\/wp\/v2\/media\/100189"}],"wp:attachment":[{"href":"https:\/\/www.europesays.com\/fr\/wp-json\/wp\/v2\/media?parent=100188"}],"wp:term":[{"taxonomy":"category","embeddable":true,"href":"https:\/\/www.europesays.com\/fr\/wp-json\/wp\/v2\/categories?post=100188"},{"taxonomy":"post_tag","embeddable":true,"href":"https:\/\/www.europesays.com\/fr\/wp-json\/wp\/v2\/tags?post=100188"}],"curies":[{"name":"wp","href":"https:\/\/api.w.org\/{rel}","templated":true}]}}