{"id":1001887,"date":"2026-06-15T15:31:14","date_gmt":"2026-06-15T15:31:14","guid":{"rendered":"https:\/\/www.europesays.com\/fr\/1001887\/"},"modified":"2026-06-15T15:31:14","modified_gmt":"2026-06-15T15:31:14","slug":"la-russie-lance-une-vague-dattaques-contre-lukraine-faisant-11-morts","status":"publish","type":"post","link":"https:\/\/www.europesays.com\/fr\/1001887\/","title":{"rendered":"La Russie lance une vague d&rsquo;attaques contre l&rsquo;Ukraine, faisant 11 morts"},"content":{"rendered":"<p>La Russie a tir\u00e9 des centaines de drones et des dizaines de missiles sur les plus grandes villes ukrainiennes lors d\u2019un barrage nocturne qui a fait au moins 11\u00a0morts, et a incendi\u00e9 un site religieux de renomm\u00e9e mondiale, ont annonc\u00e9 lundi le pr\u00e9sident ukrainien Volodymyr Zelensky et d\u2019autres responsables.<\/p>\n<p>Les attaques contre la capitale, Kyiv, et la deuxi\u00e8me plus grande ville, Kharkiv, ont eu lieu apr\u00e8s que M.\u00a0Zelensky et le pr\u00e9sident russe Vladimir Poutine se sont entretenus s\u00e9par\u00e9ment par t\u00e9l\u00e9phone avec le pr\u00e9sident am\u00e9ricain Donald Trump, dimanche. Cet \u00e9change sugg\u00e8re que Washington n\u2019a pas renonc\u00e9 \u00e0 ses efforts diplomatiques pour mettre fin aux combats qui ont suivi l\u2019invasion totale de Moscou en f\u00e9vrier\u00a02022.<\/p>\n<p>La guerre en Ukraine devrait \u00e9galement \u00eatre au centre des discussions, mardi, lors du sommet du G7 en France. MM.\u00a0Zelensky et Trump devraient y participer, le dirigeant ukrainien comptant mettre de l\u2019avant la situation critique de son pays alors que la guerre en Iran d\u00e9tourne l\u2019attention internationale. <\/p>\n<p>\u00abC\u2019est ainsi que la Russie montre au monde son intention de poursuivre la guerre\u00bb, a soutenu M.\u00a0Zelensky dans un message publi\u00e9 sur X, faisant r\u00e9f\u00e9rence \u00e0 l\u2019attaque nocturne contre des sites civils, dont la Laure de Kyiv-Petchersk, un complexe monastique du XIe si\u00e8cle.<\/p>\n<p>\u00abIl est tr\u00e8s important que les pays du G7 r\u00e9agissent (\u2026) et que cette r\u00e9action soit d\u00e9cisive et substantielle; il faut exercer davantage de pression sur l\u2019agresseur et apporter un soutien accru \u00e0 la d\u00e9fense a\u00e9rienne de l\u2019Ukraine, en particulier en mati\u00e8re de capacit\u00e9s antibalistiques\u00bb, a-t-il soulign\u00e9.<\/p>\n<p>Le premier ministre du Canada, Mark Carney, a d\u2019ailleurs condamn\u00e9 cette derni\u00e8re salve de la Russie. \u00abLe Canada condamne fermement la derni\u00e8re attaque de la Russie contre Kyiv, y compris le coup port\u00e9 \u00e0 la Laure de Kyiv-P\u00e9tersbourg, un site sacr\u00e9 en Ukraine et dans le christianisme oriental\u00bb, a-t-il soutenu.<\/p>\n<p>\u00abLe Canada se tient aux c\u00f4t\u00e9s de l\u2019Ukraine. Leur cause \u2014 la libert\u00e9, la d\u00e9mocratie, la souverainet\u00e9 \u2014 est notre cause.\u00bb<\/p>\n<p><b>Des enfants parmi les bless\u00e9s \u00e0 Kyiv<\/b><\/p>\n<p>Le pr\u00e9sident Zelensky a annonc\u00e9 que les frappes russes avaient tu\u00e9 11\u00a0civils et secouristes et bless\u00e9 53\u00a0personnes \u00e0 travers l\u2019Ukraine.<\/p>\n<p>Cinq personnes ont \u00e9t\u00e9 tu\u00e9es \u00e0 Kyiv, selon le maire Vitali Klitschko. Au moins 30\u00a0autres ont \u00e9galement \u00e9t\u00e9 bless\u00e9es, dont 2\u00a0enfants \u00e2g\u00e9s de 5\u00a0et 6\u00a0ans, selon Tymur Tkachenko, chef de l\u2019administration militaire de la ville.<\/p>\n<p>Une s\u00e9rie de puissantes explosions a retenti \u00e0 travers Kyiv, une vague de missiles balistiques ayant \u00e9t\u00e9 suivie par des drones Shahed, tandis que de nombreuses personnes cherchaient refuge dans les abris souterrains. Des nuages de fum\u00e9e noire flottaient au-dessus de la ville. <\/p>\n<p>Cinq frappes ont touch\u00e9 des sites civils dans le quartier de Chevtchenko en moins de 30\u00a0minutes, a relat\u00e9 M.\u00a0Tkachenko, notamment un immeuble d\u2019habitation de 25\u00a0\u00e9tages, tandis qu\u2019un march\u00e9 et une \u00e9picerie ont pris feu. Dans le quartier d\u2019Obolon, un immeuble r\u00e9sidentiel de neuf \u00e9tages a \u00e9t\u00e9 touch\u00e9 de plein fouet.<\/p>\n<p>Le minist\u00e8re russe de la D\u00e9fense a d\u00e9clar\u00e9 que les frappes visaient des installations de d\u00e9fense et industrielles \u00e0 Kyiv, Kharkiv et Dnipro, notamment des entreprises et des ateliers produisant des composants pour des drones \u00e0 longue port\u00e9e et des missiles de croisi\u00e8re. Il a indiqu\u00e9 qu\u2019un atelier produisant des drones \u00e0 moyenne et longue port\u00e9e, situ\u00e9 dans l\u2019enceinte des studios de cin\u00e9ma Dovjenko \u00e0 Kyiv, figurait parmi les cibles touch\u00e9es.<\/p>\n<p>La Russie a \u00e9galement affirm\u00e9 avoir frapp\u00e9 l\u2019usine Radar de Kyiv, qui, selon elle, fabrique des composants pour drones, ainsi que l\u2019usine Mayak, qui, selon elle, fabrique les missiles de croisi\u00e8re \u00e0 longue port\u00e9e ukrainiens Flamingo. Des bureaux de conscription militaire \u00e0 Kyiv ont \u00e9galement \u00e9t\u00e9 touch\u00e9s.<\/p>\n<p>Aucune information n\u2019a \u00e9t\u00e9 communiqu\u00e9e dans l\u2019imm\u00e9diat concernant la 11e\u00a0personne tu\u00e9e lors de ces attaques. <\/p>\n<p><b>Un site religieux endommag\u00e9 <\/b><\/p>\n<p>\u00c0 Kyiv, de la fum\u00e9e s\u2019\u00e9levait autour des d\u00f4mes dor\u00e9s de la cath\u00e9drale de la Dormition, situ\u00e9e dans la Laure de Kyiv-Petchersk, un site religieux v\u00e9n\u00e9r\u00e9.<\/p>\n<p>Son toit a pris feu pendant l\u2019attaque, selon le m\u00e9tropolite \u00c9piphane, le chef de l\u2019\u00c9glise orthodoxe d\u2019Ukraine. Il a condamn\u00e9 cette frappe, la qualifiant de nouveau crime russe \u00abcontre l\u2019humanit\u00e9, contre l\u2019histoire, contre le christianisme\u00bb, et a appel\u00e9 \u00e0 prier pour sauver le site.<\/p>\n<p>La Laure de Kyiv-Petchersk, \u00e9galement connue sous le nom de la Laure des Grottes de Kyiv, est un vaste complexe de monast\u00e8res et d\u2019\u00e9glises, dont certains souterrains, construits entre le XIe et le XIXe si\u00e8cle. Certaines des \u00e9glises de ce site class\u00e9 au patrimoine mondial de l\u2019UNESCO sont reli\u00e9es par un labyrinthe de grottes s\u2019\u00e9tendant sur plus de 600\u00a0m\u00e8tres.<\/p>\n<p>Le pr\u00e9sident Zelensky a d\u00e9clar\u00e9 que les d\u00e9g\u00e2ts avaient \u00e9t\u00e9 caus\u00e9s par deux drones russes et a qualifi\u00e9 cette attaque de \u00abplus grand crime jamais commis par Moscou contre la culture chr\u00e9tienne\u00bb. Il s\u2019est d\u2019ailleurs rendu sur les lieux en compagnie de la premi\u00e8re ministre Yuliia Svyrydenko et d\u2019autres responsables gouvernementaux.<\/p>\n<p>La cath\u00e9drale, les \u00e9glises et les autres b\u00e2timents surplombent le Dniepr et constituent un lieu de p\u00e8lerinage depuis des si\u00e8cles.<\/p>\n<p>Le ministre fran\u00e7ais des Affaires \u00e9trang\u00e8res, Jean-No\u00ebl Barrot, a d\u00e9clar\u00e9 que cette attaque \u00e9tait \u00abl\u2019\u00e9quivalent, pour nous Fran\u00e7ais, d\u2019un bombardement de Notre-Dame de Paris\u00bb. <\/p>\n<p>La Commission nationale ukrainienne pour l\u2019UNESCO, qui coordonne la coop\u00e9ration du pays avec l\u2019Organisation des Nations unies pour l\u2019\u00e9ducation, la science et la culture, a exhort\u00e9 la communaut\u00e9 internationale \u00e0 intensifier la pression sur Moscou pour qu\u2019elle mette fin \u00e0 son invasion et \u00e0 l\u2019exclure de l\u2019organisation.<\/p>\n<p>\u00abEn d\u00e9truisant le patrimoine culturel de l\u2019Ukraine, la Russie cherche \u00e0 effacer la m\u00e9moire historique et porte atteinte au patrimoine de l\u2019humanit\u00e9 enti\u00e8re\u00bb, a d\u00e9clar\u00e9 la commission dans un communiqu\u00e9.<\/p>\n<p>Le minist\u00e8re russe de la D\u00e9fense a affirm\u00e9, sans fournir de preuves, que le complexe avait \u00e9t\u00e9 touch\u00e9 par l\u2019un des missiles de d\u00e9fense a\u00e9rienne Patriot de fabrication am\u00e9ricaine de l\u2019Ukraine, affirmant qu\u2019il aurait pu d\u00e9vier de sa trajectoire en raison de son \u00e2ge.<\/p>\n<p><b>La Russie tire plus de 600\u00a0drones sur l\u2019Ukraine<\/b><\/p>\n<p>L\u2019arm\u00e9e de l\u2019air ukrainienne a d\u00e9clar\u00e9 que la Russie avait lanc\u00e9 70\u00a0missiles et 611\u00a0drones pendant la nuit, visant principalement Kyiv, tout en frappant \u00e9galement les villes de Dnipro et de Kharkiv. <\/p>\n<p>L\u2019arm\u00e9e a indiqu\u00e9 que les d\u00e9fenses a\u00e9riennes avaient intercept\u00e9 ou neutralis\u00e9 \u00e9lectroniquement 632\u00a0cibles a\u00e9riennes, dont 50\u00a0missiles et 582\u00a0drones. <\/p>\n<p>Selon des donn\u00e9es pr\u00e9liminaires, 20\u00a0missiles balistiques et 27\u00a0drones d\u2019attaque ont frapp\u00e9 42\u00a0sites \u00e0 travers le pays, tandis que des d\u00e9bris de drones intercept\u00e9s sont tomb\u00e9s sur 12\u00a0sites.<\/p>\n<p>Le minist\u00e8re russe de la D\u00e9fense a d\u00e9clar\u00e9 que les d\u00e9fenses a\u00e9riennes avaient abattu 123\u00a0drones ukrainiens pendant la nuit.<\/p>\n","protected":false},"excerpt":{"rendered":"La Russie a tir\u00e9 des centaines de drones et des dizaines de missiles sur les plus grandes villes&hellip;\n","protected":false},"author":2,"featured_media":1001888,"comment_status":"","ping_status":"","sticky":false,"template":"","format":"standard","meta":{"footnotes":"","_share_on_mastodon":"0"},"categories":[1591],"tags":[11,1887,25179,1854,22536,12,1885,1886,132],"class_list":["post-1001887","post","type-post","status-publish","format-standard","has-post-thumbnail","category-russie","tag-actualites","tag-federation-de-russie","tag-https-lactualite-com-sujet-culture-arts","tag-https-lactualite-com-sujet-international","tag-https-lactualite-com-sujet-religion","tag-news","tag-russia","tag-russian-federation","tag-russie"],"share_on_mastodon":{"url":"https:\/\/pubeurope.com\/@fr\/116754847349925883","error":""},"_links":{"self":[{"href":"https:\/\/www.europesays.com\/fr\/wp-json\/wp\/v2\/posts\/1001887","targetHints":{"allow":["GET"]}}],"collection":[{"href":"https:\/\/www.europesays.com\/fr\/wp-json\/wp\/v2\/posts"}],"about":[{"href":"https:\/\/www.europesays.com\/fr\/wp-json\/wp\/v2\/types\/post"}],"author":[{"embeddable":true,"href":"https:\/\/www.europesays.com\/fr\/wp-json\/wp\/v2\/users\/2"}],"replies":[{"embeddable":true,"href":"https:\/\/www.europesays.com\/fr\/wp-json\/wp\/v2\/comments?post=1001887"}],"version-history":[{"count":0,"href":"https:\/\/www.europesays.com\/fr\/wp-json\/wp\/v2\/posts\/1001887\/revisions"}],"wp:featuredmedia":[{"embeddable":true,"href":"https:\/\/www.europesays.com\/fr\/wp-json\/wp\/v2\/media\/1001888"}],"wp:attachment":[{"href":"https:\/\/www.europesays.com\/fr\/wp-json\/wp\/v2\/media?parent=1001887"}],"wp:term":[{"taxonomy":"category","embeddable":true,"href":"https:\/\/www.europesays.com\/fr\/wp-json\/wp\/v2\/categories?post=1001887"},{"taxonomy":"post_tag","embeddable":true,"href":"https:\/\/www.europesays.com\/fr\/wp-json\/wp\/v2\/tags?post=1001887"}],"curies":[{"name":"wp","href":"https:\/\/api.w.org\/{rel}","templated":true}]}}