{"id":100192,"date":"2025-05-14T20:21:08","date_gmt":"2025-05-14T20:21:08","guid":{"rendered":"https:\/\/www.europesays.com\/fr\/100192\/"},"modified":"2025-05-14T20:21:08","modified_gmt":"2025-05-14T20:21:08","slug":"louane-plus-proche-quon-ne-le-pensait-des-fils-dune-actrice-celebre-2","status":"publish","type":"post","link":"https:\/\/www.europesays.com\/fr\/100192\/","title":{"rendered":"Louane plus proche qu&rsquo;on ne le pensait des fils d&rsquo;une actrice c\u00e9l\u00e8bre"},"content":{"rendered":"<p>Ce mercredi 14 mai, \u00e0 partir de 21h10, W9 diffuse un reportage consacr\u00e9 \u00e0 Louane et \u00e0 l\u2019Eurovision. L&rsquo;occasion ainsi de s&rsquo;int\u00e9resser \u00e0 la chanteuse, notamment \u00e0 son affinit\u00e9 insoup\u00e7onn\u00e9e avec les enfants d&rsquo;une c\u00e9l\u00e8bre actrice.<\/p>\n<p><a href=\"https:\/\/www.purepeople.com\/people\/louane-emera_p2771\" rel=\"nofollow noopener\" target=\"_blank\" data-ylk=\"slk:Louane;elm:context_link;itc:0;sec:content-canvas\" class=\"link \">Louane<\/a> est en mission : samedi, prochain, \u00e0 B\u00e2le en Suisse, elle tentera de faire gagner la France \u00e0 l&rsquo;Eurovision, \u00e0 travers sa chanson <a href=\"https:\/\/fr.news.yahoo.com\/eurovision-beaucoup-personnes-trompent-concernant-074700294.html\" data-ylk=\"slk:maman;elm:context_link;itc:0;sec:content-canvas;outcm:mb_qualified_link;_E:mb_qualified_link;ct:story;\" class=\"link  yahoo-link\" target=\"_blank\" rel=\"noopener\">maman<\/a>, ce qui n&rsquo;est plus arriv\u00e9 depuis 1977. Sans doute l\u2019un des d\u00e9fis les plus importants de sa carri\u00e8re. Ce mardi 14 mai, \u00e0 21h10, W9 vous propose un reportage sur la mani\u00e8re dont elle s&rsquo;est pr\u00e9par\u00e9e pour cet \u00e9v\u00e9nement. Un documentaire intitul\u00e9 Louane : la princesse des Fran\u00e7ais \u00e0 la conqu\u00eate de l&rsquo;Eurovision.<\/p>\n<p>Difficile de savoir si Louane finira sur la premi\u00e8re marche du podium \u00e0 l&rsquo;issue de cette grande soir\u00e9e, tant la concurrence sera rude. En revanche, ce qui est certain, c&rsquo;est que ce n&rsquo;est pas l&rsquo;envie qui manque. \u00ab\u00a0J\u2019vais pas faire genre. J\u2019y vais pour gagner.\u00a0\u00bb, avait-elle assur\u00e9 \u00e0 Lib\u00e9ration au mois de mars. Nos confr\u00e8res lui avaient consacr\u00e9e un portrait. L&rsquo;occasion alors d&rsquo;en savoir plus sur la fa\u00e7on dont elle s&rsquo;est pr\u00e9par\u00e9e pour ce grand moment, mais aussi d&rsquo;appendre qu&rsquo;elle est proche des enfants de Marina Fo\u00efs.<\/p>\n<p>Une information qui peut para\u00eetre surprenante, mais qui s&rsquo;explique en r\u00e9alit\u00e9 assez facilement. Elles se sont crois\u00e9es pour la premi\u00e8re fois sur le tournage de la Famille B\u00e9lier (2014), r\u00e9alis\u00e9 par Eric Lartigau, alors en couple avec Marina Fo\u00efs. Et p\u00e8re notamment de ses fils Lazare, n\u00e9 en 2004, et Georges, n\u00e9 en 2008. Louane, elle, tenait le r\u00f4le principal de ce film (gr\u00e2ce auquel elle a d&rsquo;ailleurs remport\u00e9 un C\u00e9sar du meilleur espoir f\u00e9minin).<\/p>\n<p>Louane accueillie par la famille de Marina Fo\u00efs, l&rsquo;actrice raconte<\/p>\n<p>Ainsi, <strong>Marina Fo\u00efs \u00ab\u00a0<\/strong><strong>l\u2019a vue grandir aupr\u00e8s de ses propres enfants,<\/strong> que Louane (orpheline de ses deux parents, ndlr) consid\u00e8re ais\u00e9ment comme sa famille \u00e9largie.\u00a0\u00bb C&rsquo;est ce que racontent <a href=\"https:\/\/www.liberation.fr\/portraits\/louane-haut-les-corons-20250312_XOARZK6W6BEOHBHKPOS6TAHA2Y\/?redirected=1\" rel=\"nofollow noopener\" target=\"_blank\" data-ylk=\"slk:nos confr\u00e8res;elm:context_link;itc:0;sec:content-canvas\" class=\"link \">nos confr\u00e8res<\/a>, qui sont \u00e9galement partis recueillir le t\u00e9moignage de l&rsquo;actrice pour ce portrait sur Louane. \u00ab\u00a0Quand je l\u2019ai rencontr\u00e9e, elle venait manger des coquillettes jambon \u00e0 la maison.\u00a0\u00bb, r\u00e9v\u00e9lait alors celle qui s&rsquo;est fait conna\u00eetre durant les ann\u00e9es 1990 comme membre de la troupe Les Robins des Bois.<\/p>\n<p>\u00ab\u00a0Etre talentueux, c\u2019est une chose. Etre populaire, c\u2019en est une autre. Louane est de ceux-l\u00e0 : Jean Dujardin, Vanessa Paradis ou encore Charlotte Gainsbourg. Elle est connect\u00e9e \u00e0 notre \u00e9poque.\u00a0\u00bb avait-elle ajout\u00e9, afin de partager son admiration pour <a href=\"https:\/\/fr.news.yahoo.com\/louane-raconte-lien-unique-entre-183800998.html\" data-ylk=\"slk:la m\u00e8re d&#039;Esm\u00e9e;elm:context_link;itc:0;sec:content-canvas;outcm:mb_qualified_link;_E:mb_qualified_link;ct:story;\" class=\"link  yahoo-link\" target=\"_blank\" rel=\"noopener\">la m\u00e8re d&rsquo;Esm\u00e9e<\/a>. Nul ne doute qu&rsquo;elle sera l&rsquo;un de ses premiers soutiens \u00e0 l&rsquo;Eurovision.<\/p>\n<p>\u00a0<\/p>\n<p><a href=\"https:\/\/www.purepeople.com\/article\/louane-plus-proche-qu-on-ne-le-pensait-des-fils-d-une-actrice-celebre_a538090\/1\" rel=\"nofollow noopener\" target=\"_blank\" data-ylk=\"slk:Article original sur Purepeople;elm:context_link;itc:0;sec:content-canvas\" class=\"link \">Article original sur Purepeople<\/a><\/p>\n","protected":false},"excerpt":{"rendered":"Ce mercredi 14 mai, \u00e0 partir de 21h10, W9 diffuse un reportage consacr\u00e9 \u00e0 Louane et \u00e0 l\u2019Eurovision.&hellip;\n","protected":false},"author":2,"featured_media":100193,"comment_status":"","ping_status":"","sticky":false,"template":"","format":"standard","meta":{"footnotes":""},"categories":[1355],"tags":[58,59,1011,27,12563,4501,21497,1361,873],"class_list":{"0":"post-100192","1":"post","2":"type-post","3":"status-publish","4":"format-standard","5":"has-post-thumbnail","7":"category-musique","8":"tag-divertissement","9":"tag-entertainment","10":"tag-fr","11":"tag-france","12":"tag-leurovision","13":"tag-louane","14":"tag-marina-fois","15":"tag-music","16":"tag-musique"},"share_on_mastodon":{"url":"https:\/\/pubeurope.com\/@fr\/114508050191958415","error":""},"_links":{"self":[{"href":"https:\/\/www.europesays.com\/fr\/wp-json\/wp\/v2\/posts\/100192","targetHints":{"allow":["GET"]}}],"collection":[{"href":"https:\/\/www.europesays.com\/fr\/wp-json\/wp\/v2\/posts"}],"about":[{"href":"https:\/\/www.europesays.com\/fr\/wp-json\/wp\/v2\/types\/post"}],"author":[{"embeddable":true,"href":"https:\/\/www.europesays.com\/fr\/wp-json\/wp\/v2\/users\/2"}],"replies":[{"embeddable":true,"href":"https:\/\/www.europesays.com\/fr\/wp-json\/wp\/v2\/comments?post=100192"}],"version-history":[{"count":0,"href":"https:\/\/www.europesays.com\/fr\/wp-json\/wp\/v2\/posts\/100192\/revisions"}],"wp:featuredmedia":[{"embeddable":true,"href":"https:\/\/www.europesays.com\/fr\/wp-json\/wp\/v2\/media\/100193"}],"wp:attachment":[{"href":"https:\/\/www.europesays.com\/fr\/wp-json\/wp\/v2\/media?parent=100192"}],"wp:term":[{"taxonomy":"category","embeddable":true,"href":"https:\/\/www.europesays.com\/fr\/wp-json\/wp\/v2\/categories?post=100192"},{"taxonomy":"post_tag","embeddable":true,"href":"https:\/\/www.europesays.com\/fr\/wp-json\/wp\/v2\/tags?post=100192"}],"curies":[{"name":"wp","href":"https:\/\/api.w.org\/{rel}","templated":true}]}}